{"id":295863,"date":"2025-08-04T13:54:15","date_gmt":"2025-08-04T13:54:15","guid":{"rendered":"https:\/\/www.europesays.com\/fr\/295863\/"},"modified":"2025-08-04T13:54:15","modified_gmt":"2025-08-04T13:54:15","slug":"rc-lens-mercato-abdulhamid-provoque-un-depart","status":"publish","type":"post","link":"https:\/\/www.europesays.com\/fr\/295863\/","title":{"rendered":"RC Lens Mercato\u00a0: Abdulhamid provoque un d\u00e9part\u00a0!"},"content":{"rendered":"<p><strong>Apr\u00e8s l\u2019arriv\u00e9e de Saud Abdeulhamid, le RC Lens pousse Tom Pouilly vers la sortie\u2026<\/strong><\/p>\n<p>C\u2019\u00e9tait programm\u00e9, c\u2019est officiel\u00a0: un joueur est arriv\u00e9 au RC Lens hier. Le RCL a officialis\u00e9 le pr\u00eat avec option d\u2019achat non obligatoire du lat\u00e9ral saoudien Saud Abdulhamid (26 ans) en provenance de l\u2019AS Rome. Le joueur \u00e9tait aussi sollicit\u00e9 par Toulouse.<\/p>\n<p><strong>Pouilly va quitter le RC Lens pour Pau<\/strong><\/p>\n<p>Cette arriv\u00e9e barre encore un peu plus le jeune Tom Pouilly. Et le lat\u00e9ral droit de 22 ans form\u00e9 \u00e0 La Gaillette va quitter l\u2019Artois. Selon <a href=\"https:\/\/www.footmercato.net\/a5369975334807543699-lens-va-vendre-tom-pouilly-a-pau\" rel=\"noopener nofollow\" target=\"_blank\">Foot Mercato<\/a>, il va s\u2019engager avec Pau o\u00f9 il passe actuellement sa visite m\u00e9dicale. Il s\u2019agit d\u2019un transfert gratuit avec un int\u00e9ressement et une option de rachat prioritaire pour Lens. Pouilly va signer un contrat de trois ans.<\/p>\n","protected":false},"excerpt":{"rendered":"Apr\u00e8s l\u2019arriv\u00e9e de Saud Abdeulhamid, le RC Lens pousse Tom Pouilly vers la sortie\u2026 C\u2019\u00e9tait programm\u00e9, c\u2019est officiel\u00a0:&hellip;\n","protected":false},"author":2,"featured_media":295864,"comment_status":"","ping_status":"","sticky":false,"template":"","format":"standard","meta":{"footnotes":""},"categories":[1410],"tags":[11,448,63,1011,27,66,3388,12,60,10662],"class_list":{"0":"post-295863","1":"post","2":"type-post","3":"status-publish","4":"format-standard","5":"has-post-thumbnail","7":"category-football","8":"tag-actualites","9":"tag-champions-league","10":"tag-football","11":"tag-fr","12":"tag-france","13":"tag-ligue-1","14":"tag-matchs","15":"tag-news","16":"tag-sports","17":"tag-transferts"},"share_on_mastodon":{"url":"https:\/\/pubeurope.com\/@fr\/114970837905085775","error":""},"_links":{"self":[{"href":"https:\/\/www.europesays.com\/fr\/wp-json\/wp\/v2\/posts\/295863","targetHints":{"allow":["GET"]}}],"collection":[{"href":"https:\/\/www.europesays.com\/fr\/wp-json\/wp\/v2\/posts"}],"about":[{"href":"https:\/\/www.europesays.com\/fr\/wp-json\/wp\/v2\/types\/post"}],"author":[{"embeddable":true,"href":"https:\/\/www.europesays.com\/fr\/wp-json\/wp\/v2\/users\/2"}],"replies":[{"embeddable":true,"href":"https:\/\/www.europesays.com\/fr\/wp-json\/wp\/v2\/comments?post=295863"}],"version-history":[{"count":0,"href":"https:\/\/www.europesays.com\/fr\/wp-json\/wp\/v2\/posts\/295863\/revisions"}],"wp:featuredmedia":[{"embeddable":true,"href":"https:\/\/www.europesays.com\/fr\/wp-json\/wp\/v2\/media\/295864"}],"wp:attachment":[{"href":"https:\/\/www.europesays.com\/fr\/wp-json\/wp\/v2\/media?parent=295863"}],"wp:term":[{"taxonomy":"category","embeddable":true,"href":"https:\/\/www.europesays.com\/fr\/wp-json\/wp\/v2\/categories?post=295863"},{"taxonomy":"post_tag","embeddable":true,"href":"https:\/\/www.europesays.com\/fr\/wp-json\/wp\/v2\/tags?post=295863"}],"curies":[{"name":"wp","href":"https:\/\/api.w.org\/{rel}","templated":true}]}}