{"id":295867,"date":"2025-08-04T13:56:11","date_gmt":"2025-08-04T13:56:11","guid":{"rendered":"https:\/\/www.europesays.com\/fr\/295867\/"},"modified":"2025-08-04T13:56:11","modified_gmt":"2025-08-04T13:56:11","slug":"lamine-yamal-et-les-sept-nains-une-fresque-en-hommage-au-prodige-espagnol-vandalisee","status":"publish","type":"post","link":"https:\/\/www.europesays.com\/fr\/295867\/","title":{"rendered":"Lamine Yamal et les \u00ab\u00a0sept nains\u00a0\u00bb\u2026 Une fresque en hommage au prodige espagnol vandalis\u00e9e"},"content":{"rendered":"<p>C\u2019est une soir\u00e9e d\u2019anniversaire qu\u2019il n\u2019oubliera pas de sit\u00f4t. Critiqu\u00e9 apr\u00e8s avoir voulu louer les services de personnes atteintes de nanisme pour agr\u00e9menter (on ne sait trop comment) <a href=\"https:\/\/www.20minutes.fr\/sport\/football\/liga\/4163556-20250714-fc-barcelone-inacceptable-plainte-contre-lamine-yamal-avoir-embauche-nains-anniversaire\" target=\"_blank\" class=\"color-ultramarine c-link\" rel=\"nofollow noopener\">son immense fiesta d\u2019anniversaire<\/a> au d\u00e9but de l\u2019\u00e9t\u00e9, <a href=\"https:\/\/www.20minutes.fr\/sport\/football\/lamine-yamal\/\" target=\"_blank\" class=\"color-ultramarine c-link\" rel=\"nofollow noopener\">Lamine Yamal<\/a> en paye encore le prix aujourd\u2019hui. A l\u2019image de cette fresque de lui, d\u00e9peint en Superman, vandalis\u00e9e dans les rues de <a href=\"https:\/\/www.20minutes.fr\/dossier\/barcelone\" target=\"_blank\" class=\"color-ultramarine c-link\" rel=\"nofollow noopener\">Barcelone<\/a>. Un graffeur s\u2019est en effet permis d\u2019ajouter les Sept Nains de Blanche Neige \u00e0 ses c\u00f4t\u00e9s, pour rappeler au peuple barcelonais l\u2019\u00e9pisode malheureux qui aura fait entrer le jeune prodige espagnol dans la cat\u00e9gorie des stars pr\u00e9coces qui d\u00e9rapent.<\/p>\n<blockquote class=\"twitter-tweet\" align=\"center\" data-lang=\"fr_FR\">\n<p lang=\"fr\" dir=\"ltr\">La fresque de Lamine Yamal vandalis\u00e9e \u00e0 Barcelone. Quelqu&rsquo;un a ajout\u00e9 7 nains de Blanche-Neige \u00e0 la fresque, indiquant qu&rsquo;il y avait des nains \u00e0 la f\u00eate d&rsquo;anniversaire de Lamine Yamal.<\/p>\n<p>(<a href=\"https:\/\/twitter.com\/mundodeportivo?ref_src=twsrc%5Etfw\" rel=\"nofollow noopener\" target=\"_blank\">@mundodeportivo<\/a>) <a href=\"https:\/\/t.co\/ZeAXpuExc0\" rel=\"nofollow\">pic.twitter.com\/ZeAXpuExc0<\/a><\/p>\n<p>\u2014 Bar\u00e7a News (@BarcaNewsFRA) <a href=\"https:\/\/twitter.com\/BarcaNewsFRA\/status\/1952272414953333183?ref_src=twsrc%5Etfw\" rel=\"nofollow noopener\" target=\"_blank\">August 4, 2025<\/a><\/p><\/blockquote>\n<p class=\"mb-xxl@xs color-ultramarine font-weight-semi-bold@xs font-source-serif-pro heading-s@xs\">L\u2019acc\u00e8s \u00e0 ce contenu a \u00e9t\u00e9 bloqu\u00e9 afin de respecter votre choix de consentement<\/p>\n<p class=\"mb-m@xs text-l@xs\">En cliquant sur\u00ab J\u2019accepte \u00bb, vous acceptez le d\u00e9p\u00f4t de cookies par des services externes et aurez ainsi acc\u00e8s aux contenus de nos partenaires.<\/p>\n<p class=\"mb-xl@xs text-s@xs\">Plus d\u2019informations sur la page<a href=\"https:\/\/www.20minutes.fr\/gestion-cookies\" class=\"mx-xxs@xs color-ultramarine\" rel=\"nofollow noopener\" target=\"_blank\">Politique de gestion des cookies<\/a><\/p>\n<p>J\u2019accepte<\/p>\n<p>Alors qu\u2019une rumeur avait d\u00e9j\u00e0 laiss\u00e9 entendre dans l\u2019\u00e9t\u00e9 que la fresque de \u00ab\u00a0Super-Lamine\u00a0\u00bb avait \u00e9t\u00e9 vandalis\u00e9e, cette fois-ci l\u2019information est bel et bien r\u00e9elle. Et c\u2019est le journaliste sportif catalan Edu Polo qui l\u2019a constat\u00e9 de ses propres yeux. \u00ab\u00a0Cette fois-ci, ce n\u2019est ni un faux ni un montage r\u00e9alis\u00e9 par une intelligence artificielle. Je viens de prendre la photo\u00a0\u00bb, a-t-il post\u00e9 sur son compte Instagram avec une photo de la fresque revisit\u00e9e.<\/p>\n<\/p>\n<p>Le coupable a m\u00eame sign\u00e9 son m\u00e9fait puisqu\u2019un \u00ab\u00a0Shredder\u00a0\u00bb est apparu au-dessus la signature de TV Boy, l\u2019artiste \u00e0 l\u2019origine de la fresque peinte \u00e0 l\u2019occasion du 18e anniversaire de l\u2019attaquant du Bar\u00e7a. Un joli coup de pub pour le vengeur masqu\u00e9, autant qu\u2019un magnifique pied de nez fait \u00e0 l\u2019encontre de l\u2019international espagnol qui, \u00e0 l\u2019avenir, r\u00e9fl\u00e9chira \u00e0 deux fois avant de planifier des fiestas d\u2019un go\u00fbt plus que douteux.<\/p>\n<p><script async src=\"https:\/\/platform.twitter.com\/widgets.js\" charset=\"utf-8\"><\/script><\/p>\n","protected":false},"excerpt":{"rendered":"C\u2019est une soir\u00e9e d\u2019anniversaire qu\u2019il n\u2019oubliera pas de sit\u00f4t. Critiqu\u00e9 apr\u00e8s avoir voulu louer les services de personnes&hellip;\n","protected":false},"author":2,"featured_media":295868,"comment_status":"","ping_status":"","sticky":false,"template":"","format":"standard","meta":{"footnotes":""},"categories":[1358],"tags":[1348,1384,1385,4791,1386,58,59,5695,63,1011,27,16748,517,2133,11942],"class_list":{"0":"post-295867","1":"post","2":"type-post","3":"status-publish","4":"format-standard","5":"has-post-thumbnail","7":"category-arts-et-design","8":"tag-arts","9":"tag-arts-and-design","10":"tag-arts-et-design","11":"tag-barcelone","12":"tag-design","13":"tag-divertissement","14":"tag-entertainment","15":"tag-fc-barcelone","16":"tag-football","17":"tag-fr","18":"tag-france","19":"tag-lamine-yamal","20":"tag-sport","21":"tag-superman","22":"tag-vandalisme"},"share_on_mastodon":{"url":"https:\/\/pubeurope.com\/@fr\/114970845915144620","error":""},"_links":{"self":[{"href":"https:\/\/www.europesays.com\/fr\/wp-json\/wp\/v2\/posts\/295867","targetHints":{"allow":["GET"]}}],"collection":[{"href":"https:\/\/www.europesays.com\/fr\/wp-json\/wp\/v2\/posts"}],"about":[{"href":"https:\/\/www.europesays.com\/fr\/wp-json\/wp\/v2\/types\/post"}],"author":[{"embeddable":true,"href":"https:\/\/www.europesays.com\/fr\/wp-json\/wp\/v2\/users\/2"}],"replies":[{"embeddable":true,"href":"https:\/\/www.europesays.com\/fr\/wp-json\/wp\/v2\/comments?post=295867"}],"version-history":[{"count":0,"href":"https:\/\/www.europesays.com\/fr\/wp-json\/wp\/v2\/posts\/295867\/revisions"}],"wp:featuredmedia":[{"embeddable":true,"href":"https:\/\/www.europesays.com\/fr\/wp-json\/wp\/v2\/media\/295868"}],"wp:attachment":[{"href":"https:\/\/www.europesays.com\/fr\/wp-json\/wp\/v2\/media?parent=295867"}],"wp:term":[{"taxonomy":"category","embeddable":true,"href":"https:\/\/www.europesays.com\/fr\/wp-json\/wp\/v2\/categories?post=295867"},{"taxonomy":"post_tag","embeddable":true,"href":"https:\/\/www.europesays.com\/fr\/wp-json\/wp\/v2\/tags?post=295867"}],"curies":[{"name":"wp","href":"https:\/\/api.w.org\/{rel}","templated":true}]}}