{"id":295869,"date":"2025-08-04T13:57:11","date_gmt":"2025-08-04T13:57:11","guid":{"rendered":"https:\/\/www.europesays.com\/fr\/295869\/"},"modified":"2025-08-04T13:57:11","modified_gmt":"2025-08-04T13:57:11","slug":"raphael-sigal-remporte-le-prix-meduse-2025","status":"publish","type":"post","link":"https:\/\/www.europesays.com\/fr\/295869\/","title":{"rendered":"Rapha\u00ebl Sigal remporte le prix M\u00e9duse 2025"},"content":{"rendered":"<p>Le jury de la 4\u1d49\u00a0\u00e9dition du prix M\u00e9duse a couronn\u00e9 <strong>Rapha\u00ebl Sigal<\/strong> pour son ouvrage G\u00e9ographie de l\u2019oubli, \u00e0 para\u00eetre le 21 ao\u00fbt prochain aux \u00e9ditions Robert Laffont. Le laur\u00e9at b\u00e9n\u00e9ficiera d\u2019une dotation de 5000 euros, accompagn\u00e9e d\u2019une \u0153uvre originale de l\u2019artiste <strong>Nicolas Lefebvre<\/strong>. La c\u00e9r\u00e9monie de remise se tiendra mercredi 23 septembre \u00e0 l\u2019H\u00f4tel Grand Amour, situ\u00e9 dans le X\u1d49 arrondissement de Paris.<\/p>\n<p>Premier roman de Rapha\u00ebl Sigal, G\u00e9ographie de l\u2019oubli retrace l\u2019histoire de la grand-m\u00e8re de l\u2019auteur. Victime des horreurs de la Shoah, celle-ci est d\u00e9sormais atteinte de la maladie d\u2019Alzheimer. \u00c0 partir de bribes de souvenirs et d\u2019indices \u00e9pars, Rapha\u00ebl Sigal tente de reconstituer, sans recours aux archives ni \u00e0 une documentation historique, la m\u00e9moire pure et intacte de sa grand-m\u00e8re \u2014 celle d\u2019une v\u00e9rit\u00e9 profond\u00e9ment subjective. \u00c0 la crois\u00e9e de la recherche, de la po\u00e9sie et de l\u2019autobiographie, cet ouvrage-ovni, n\u00e9 entre New York, Amherst (Massachusetts) et Paris, s\u2019affirme ainsi comme une r\u00e9sistance au mal de l\u2019oubli.<\/p>\n<p>Sp\u00e9cialiste de la litt\u00e9rature fran\u00e7aise<\/p>\n<p>Aujourd\u2019hui professeur de litt\u00e9rature fran\u00e7aise aux \u00c9tats-Unis, Rapha\u00ebl Sigal a d\u2019abord suivi des \u00e9tudes de litt\u00e9rature yiddish \u00e0 l\u2019universit\u00e9 Paris-III. Parti Outre-Atlantique pour y pr\u00e9parer une th\u00e8se de doctorat, Rapha\u00ebl Sigal y a \u00e9crit Artaud, le sens de la lecture (Hernann, 2018), un essai sur la fa\u00e7on dont <strong>Antonin Artaud,<\/strong> acteur et th\u00e9oricien du th\u00e9\u00e2tre, a souhait\u00e9 d\u00e9stabiliser le lecteur en le soumettant \u00e0 son texte.<\/p>\n<p>Pr\u00e9sid\u00e9 par <strong>David Freche,<\/strong> le jury du prix M\u00e9duse \u00e9tait compos\u00e9\u00a0d\u2019<strong>Anne Berest, Charlotte Gainsbourg, Rapha\u00ebl Haroche,<\/strong> <strong>Marc Lambron, Simon Liberati, Thibault de Montaigu, Maria Pourchet, Vanessa Schneider, Bruno de Stabenrath<\/strong> ainsi que de <strong>Ga\u00ebl Tchakaloff.<\/strong>\u00a0Depuis sa cr\u00e9ation en 2022, cette premi\u00e8re\u00a0r\u00e9compense de la rentr\u00e9e litt\u00e9raire vise \u00e0 faire d\u00e9couvrir un nouveau talent et une nouvelle \u0153uvre, \u00e9crite en langue fran\u00e7aise. Rapha\u00ebl Sigal succ\u00e8de\u00a0\u00e0 Cl\u00e9mentine M\u00e9lois, <a href=\"https:\/\/www.livreshebdo.fr\/article\/clementine-melois-remporte-le-prix-meduse-2024\" target=\"_blank\" rel=\"nofollow noopener\">r\u00e9compens\u00e9e en 2024<\/a> pour son ouvrage Alors c&rsquo;est bien (L&rsquo;Arbal\u00e8te\/Gallimard).<\/p>\n","protected":false},"excerpt":{"rendered":"Le jury de la 4\u1d49\u00a0\u00e9dition du prix M\u00e9duse a couronn\u00e9 Rapha\u00ebl Sigal pour son ouvrage G\u00e9ographie de l\u2019oubli,&hellip;\n","protected":false},"author":2,"featured_media":295870,"comment_status":"","ping_status":"","sticky":false,"template":"","format":"standard","meta":{"footnotes":""},"categories":[1357],"tags":[1379,58,59,1011,27,1380],"class_list":{"0":"post-295869","1":"post","2":"type-post","3":"status-publish","4":"format-standard","5":"has-post-thumbnail","7":"category-livres","8":"tag-books","9":"tag-divertissement","10":"tag-entertainment","11":"tag-fr","12":"tag-france","13":"tag-livres"},"share_on_mastodon":{"url":"https:\/\/pubeurope.com\/@fr\/114970849812733729","error":""},"_links":{"self":[{"href":"https:\/\/www.europesays.com\/fr\/wp-json\/wp\/v2\/posts\/295869","targetHints":{"allow":["GET"]}}],"collection":[{"href":"https:\/\/www.europesays.com\/fr\/wp-json\/wp\/v2\/posts"}],"about":[{"href":"https:\/\/www.europesays.com\/fr\/wp-json\/wp\/v2\/types\/post"}],"author":[{"embeddable":true,"href":"https:\/\/www.europesays.com\/fr\/wp-json\/wp\/v2\/users\/2"}],"replies":[{"embeddable":true,"href":"https:\/\/www.europesays.com\/fr\/wp-json\/wp\/v2\/comments?post=295869"}],"version-history":[{"count":0,"href":"https:\/\/www.europesays.com\/fr\/wp-json\/wp\/v2\/posts\/295869\/revisions"}],"wp:featuredmedia":[{"embeddable":true,"href":"https:\/\/www.europesays.com\/fr\/wp-json\/wp\/v2\/media\/295870"}],"wp:attachment":[{"href":"https:\/\/www.europesays.com\/fr\/wp-json\/wp\/v2\/media?parent=295869"}],"wp:term":[{"taxonomy":"category","embeddable":true,"href":"https:\/\/www.europesays.com\/fr\/wp-json\/wp\/v2\/categories?post=295869"},{"taxonomy":"post_tag","embeddable":true,"href":"https:\/\/www.europesays.com\/fr\/wp-json\/wp\/v2\/tags?post=295869"}],"curies":[{"name":"wp","href":"https:\/\/api.w.org\/{rel}","templated":true}]}}