{"id":295875,"date":"2025-08-04T14:00:12","date_gmt":"2025-08-04T14:00:12","guid":{"rendered":"https:\/\/www.europesays.com\/fr\/295875\/"},"modified":"2025-08-04T14:00:12","modified_gmt":"2025-08-04T14:00:12","slug":"anthony-delon-ce-qui-sest-passe-ninteresse-plus-personne","status":"publish","type":"post","link":"https:\/\/www.europesays.com\/fr\/295875\/","title":{"rendered":"Anthony Delon: \u00abCe qui s\u2019est pass\u00e9 n\u2019int\u00e9resse plus personne\u00bb"},"content":{"rendered":"<p class=\"a-paragraph a-paragraph--lead\" data-t-name=\"Paragraph\">Anthony Delon s&rsquo;est install\u00e9 \u00e0 Douchy pour \u00e9crire dans le calme. L&rsquo;auteur de Bastingage travaille sur une \u00ab pure fiction\u00bb, loin des probl\u00e8mes de famille, dit-il dans une vid\u00e9o Instagram.<\/p>\n<p>  <img decoding=\"async\" class=\"m-image-and-caption__image lazyload\" src=\"https:\/\/www.europesays.com\/fr\/wp-content\/uploads\/2025\/08\/d19ae2e6-bb60-48d6-8b10-1107936f3f17.jpeg\"  data- alt=\"Anthony Delon en pleine \u00e9criture : une pi\u00e8ce 100% fiction en pr\u00e9paration.\"\/><\/p>\n<p>      Anthony Delon en pleine \u00e9criture : une pi\u00e8ce 100% fiction en pr\u00e9paration.<\/p>\n<p>        Cover Media\n      <\/p>\n<p class=\"a-paragraph\" data-t-name=\"Paragraph\">Anthony Delon esp\u00e8re avoir fini le premier jet de sa pi\u00e8ce de th\u00e9\u00e2tre d&rsquo;ici la fin du mois.<\/p>\n<p class=\"a-paragraph\" data-t-name=\"Paragraph\">C&rsquo;est pour y travailler au calme que l&rsquo;auteur a pris ses quartiers dans cet immense domaine qu&rsquo;aimait tant son p\u00e8re, Douchy.<\/p>\n<p class=\"a-paragraph\" data-t-name=\"Paragraph\">S&rsquo;il travaille, Anthony Delon n&rsquo;oublie pas ses fans et leur a adress\u00e9 un message vid\u00e9o sur Instagram avant le week-end, pour faire un point sur son projet d&rsquo;\u00e9criture. Torse nu, bronz\u00e9, le fils a\u00een\u00e9 d&rsquo;Alain Delon s&rsquo;est enregistr\u00e9 sous les combles d&rsquo;une partie de la maison et explique que sa pi\u00e8ce de th\u00e9\u00e2tre ne sera ni une adaptation de Bastingage, son pr\u00e9c\u00e9dent roman, ni \u00abencore moins l&rsquo;histoire de notre famille, de ce qui a pu se passer ici, cette derni\u00e8re ann\u00e9e ou ces derniers deux ans\u00bb.<\/p>\n<p class=\"a-paragraph\" data-t-name=\"Paragraph\">A ce propos, il souligne: \u00abJe pense d&rsquo;ailleurs que \u00e7a n&rsquo;int\u00e9resse plus personne\u00bb. Alors que s&rsquo;approche le triste anniversaire de la mort d&rsquo;Alain Delon, le 18 ao\u00fbt, son fils a\u00een\u00e9 plaide pour le silence en cette \u00abdate fatidique\u00bb.<\/p>\n<p class=\"a-paragraph\" data-t-name=\"Paragraph\">La mairie du village, de son c\u00f4t\u00e9, a fait savoir que le stade de foot local sera baptis\u00e9 du nom de l&rsquo;acteur, sans public et sur invitation, toutefois. Un documentaire sur la relation \u00e9troite entre la star et ce village sera \u00e9galement projet\u00e9. Anthony Delon, qui donc exprime dans sa vid\u00e9o son envie de ne pas c\u00e9l\u00e9brer cette date, a fait savoir \u00e0 l&rsquo;AFP que sa pr\u00e9sence, pas plus que celles de sa s\u0153ur Anouchka et de son fr\u00e8re Alain-Fabien \u00abne sont certaines \u00e0 ce jour\u00bb. L&rsquo;hommage, toutefois, a \u00e9t\u00e9 organis\u00e9 avec \u00abl&rsquo;accord des enfants\u00bb d&rsquo;Alain Delon.<\/p>\n<p class=\"a-paragraph\" data-t-name=\"Paragraph\">Quoiqu&rsquo;il en soit, Anthony Delon devrait avoir \u00abtermin\u00e9 une premi\u00e8re version\u00bb de sa pi\u00e8ce de th\u00e9\u00e2tre \u00abfin ao\u00fbt\u00bb et il donne rendez-vous \u00abbient\u00f4t\u00bb \u00e0 son public, \u00e0 qui il donnera alors de nouveaux d\u00e9tails sur son projet.<\/p>\n","protected":false},"excerpt":{"rendered":"Anthony Delon s&rsquo;est install\u00e9 \u00e0 Douchy pour \u00e9crire dans le calme. L&rsquo;auteur de Bastingage travaille sur une \u00ab&hellip;\n","protected":false},"author":2,"featured_media":295876,"comment_status":"","ping_status":"","sticky":false,"template":"","format":"standard","meta":{"footnotes":""},"categories":[1354],"tags":[58,59,1346,1011,27,1360],"class_list":{"0":"post-295875","1":"post","2":"type-post","3":"status-publish","4":"format-standard","5":"has-post-thumbnail","7":"category-films","8":"tag-divertissement","9":"tag-entertainment","10":"tag-films","11":"tag-fr","12":"tag-france","13":"tag-movies"},"share_on_mastodon":{"url":"https:\/\/pubeurope.com\/@fr\/114970861480598402","error":""},"_links":{"self":[{"href":"https:\/\/www.europesays.com\/fr\/wp-json\/wp\/v2\/posts\/295875","targetHints":{"allow":["GET"]}}],"collection":[{"href":"https:\/\/www.europesays.com\/fr\/wp-json\/wp\/v2\/posts"}],"about":[{"href":"https:\/\/www.europesays.com\/fr\/wp-json\/wp\/v2\/types\/post"}],"author":[{"embeddable":true,"href":"https:\/\/www.europesays.com\/fr\/wp-json\/wp\/v2\/users\/2"}],"replies":[{"embeddable":true,"href":"https:\/\/www.europesays.com\/fr\/wp-json\/wp\/v2\/comments?post=295875"}],"version-history":[{"count":0,"href":"https:\/\/www.europesays.com\/fr\/wp-json\/wp\/v2\/posts\/295875\/revisions"}],"wp:featuredmedia":[{"embeddable":true,"href":"https:\/\/www.europesays.com\/fr\/wp-json\/wp\/v2\/media\/295876"}],"wp:attachment":[{"href":"https:\/\/www.europesays.com\/fr\/wp-json\/wp\/v2\/media?parent=295875"}],"wp:term":[{"taxonomy":"category","embeddable":true,"href":"https:\/\/www.europesays.com\/fr\/wp-json\/wp\/v2\/categories?post=295875"},{"taxonomy":"post_tag","embeddable":true,"href":"https:\/\/www.europesays.com\/fr\/wp-json\/wp\/v2\/tags?post=295875"}],"curies":[{"name":"wp","href":"https:\/\/api.w.org\/{rel}","templated":true}]}}