{"id":295884,"date":"2025-08-04T14:05:11","date_gmt":"2025-08-04T14:05:11","guid":{"rendered":"https:\/\/www.europesays.com\/fr\/295884\/"},"modified":"2025-08-04T14:05:11","modified_gmt":"2025-08-04T14:05:11","slug":"amendes-impots-le-tresor-public-va-t-il-bientot-refuser-les-paiements-par-cheque","status":"publish","type":"post","link":"https:\/\/www.europesays.com\/fr\/295884\/","title":{"rendered":"Amendes, imp\u00f4ts&#8230; Le Tr\u00e9sor public va-t-il bient\u00f4t refuser les paiements par ch\u00e8que ?"},"content":{"rendered":"<p>La DGFIP a engag\u00e9 une \u00abr\u00e9flexion\u00bb sur l\u2019acceptation de ce moyen de paiement, qui ne repr\u00e9sente plus que 4,5% des r\u00e8glements.<\/p>\n<p class=\"fig-paragraph\">Une \u00abr\u00e9flexion est en cours\u00bb sur l&rsquo;acceptation\u00a0<a href=\"http:\/\/www.lefigaro.fr\/conjoncture\/les-paiements-par-cheque-ont-recule-de-25-l-an-dernier-20210707\" data-fig-type=\"Article\" data-gtm-custom-categorie=\"navigation\" data-gtm-custom-action=\"crossclick\" data-gtm-custom-label=\"Contextuel\" data-gtm-event=\"customEventSPE\" data-fig-domain=\"LEFIGARO\" target=\"_blank\" rel=\"noopener\">des ch\u00e8ques comme moyen de paiement<\/a>\u00a0par le Tr\u00e9sor public, pour r\u00e9gler ses imp\u00f4ts ou des amendes par exemple, a indiqu\u00e9 la Direction g\u00e9n\u00e9rale des finances publiques (DGFIP) ce lundi 4 ao\u00fbt, confirmant une information du journal\u00a0<a href=\"https:\/\/www.lemonde.fr\/politique\/article\/2025\/08\/03\/le-tresor-public-se-prepare-a-la-disparition-des-cheques_6626382_823448.html\" target=\"_blank\" rel=\"sponsored noopener\" data-gtm-custom-categorie=\"navigation\" data-gtm-custom-action=\"crossclick\" data-gtm-custom-label=\"Contextuel\" data-gtm-event=\"customEventSPE\">Le Monde<\/a> . Aucune \u00e9ch\u00e9ance n\u2019est toutefois fix\u00e9e pour l\u2019aboutissement de cette r\u00e9flexion, selon l\u2019administration fiscale, qui n\u2019a d\u2019ailleurs pas souhait\u00e9 confirmer une information du journal selon laquelle cette r\u00e9flexion pourrait aboutir \u00e0 la fermeture en 2027 de son dernier centre de traitement des ch\u00e8ques, situ\u00e9 \u00e0 Rennes.<\/p>\n<p class=\"fig-paragraph\">Cette r\u00e9flexion part du constat que le nombre de ch\u00e8ques encaiss\u00e9s par le Tr\u00e9sor public en paiement d&rsquo;imp\u00f4ts ou d&rsquo;amendes par exemple a chut\u00e9 de 72% en dix ans, \u00e0 environ 40 millions en 2024, a pr\u00e9cis\u00e9 une porte-parole de la DGFIP. Selon Le Monde, le mouvement \u00e0 la baisse s&rsquo;est amplifi\u00e9, avec un recul de 20% entre les quatre premiers mois de 2024 et les m\u00eames mois de 2025. D\u00e9sormais, 4,5% seulement des versements au Tr\u00e9sor se font par ch\u00e8que, pour environ 1% des montants concern\u00e9s.<\/p>\n<p>                                    <a class=\"fig-a11y-skip a11y-hidden\" href=\"#fig-a11y-skip-main-inarticle\"><br \/>\n        Passer la publicit\u00e9<br \/>\n    <\/a><\/p>\n<p class=\"fig-paragraph\">Selon l&rsquo;Observatoire de s\u00e9curit\u00e9 des moyens de paiement (OSMP), la carte bancaire \u00e9tait en 2023 le moyen de paiement hors esp\u00e8ces pr\u00e9f\u00e9r\u00e9 des Fran\u00e7ais, les ch\u00e8ques repr\u00e9sentant moins de 3% des transactions hors esp\u00e8ces.<\/p>\n","protected":false},"excerpt":{"rendered":"La DGFIP a engag\u00e9 une \u00abr\u00e9flexion\u00bb sur l\u2019acceptation de ce moyen de paiement, qui ne repr\u00e9sente plus que&hellip;\n","protected":false},"author":2,"featured_media":295885,"comment_status":"","ping_status":"","sticky":false,"template":"","format":"standard","meta":{"footnotes":""},"categories":[6],"tags":[35,33,34,6329,1011,27],"class_list":{"0":"post-295884","1":"post","2":"type-post","3":"status-publish","4":"format-standard","5":"has-post-thumbnail","7":"category-economie","8":"tag-business","9":"tag-economie","10":"tag-economy","11":"tag-finances-publiques","12":"tag-fr","13":"tag-france"},"share_on_mastodon":{"url":"https:\/\/pubeurope.com\/@fr\/114970881198011733","error":""},"_links":{"self":[{"href":"https:\/\/www.europesays.com\/fr\/wp-json\/wp\/v2\/posts\/295884","targetHints":{"allow":["GET"]}}],"collection":[{"href":"https:\/\/www.europesays.com\/fr\/wp-json\/wp\/v2\/posts"}],"about":[{"href":"https:\/\/www.europesays.com\/fr\/wp-json\/wp\/v2\/types\/post"}],"author":[{"embeddable":true,"href":"https:\/\/www.europesays.com\/fr\/wp-json\/wp\/v2\/users\/2"}],"replies":[{"embeddable":true,"href":"https:\/\/www.europesays.com\/fr\/wp-json\/wp\/v2\/comments?post=295884"}],"version-history":[{"count":0,"href":"https:\/\/www.europesays.com\/fr\/wp-json\/wp\/v2\/posts\/295884\/revisions"}],"wp:featuredmedia":[{"embeddable":true,"href":"https:\/\/www.europesays.com\/fr\/wp-json\/wp\/v2\/media\/295885"}],"wp:attachment":[{"href":"https:\/\/www.europesays.com\/fr\/wp-json\/wp\/v2\/media?parent=295884"}],"wp:term":[{"taxonomy":"category","embeddable":true,"href":"https:\/\/www.europesays.com\/fr\/wp-json\/wp\/v2\/categories?post=295884"},{"taxonomy":"post_tag","embeddable":true,"href":"https:\/\/www.europesays.com\/fr\/wp-json\/wp\/v2\/tags?post=295884"}],"curies":[{"name":"wp","href":"https:\/\/api.w.org\/{rel}","templated":true}]}}