{"id":295886,"date":"2025-08-04T14:06:11","date_gmt":"2025-08-04T14:06:11","guid":{"rendered":"https:\/\/www.europesays.com\/fr\/295886\/"},"modified":"2025-08-04T14:06:11","modified_gmt":"2025-08-04T14:06:11","slug":"sous-marins-nucleaires-le-kremlin-appelle-donald-trump-a-la-prudence-dans-les-menaces-04-08-2025-a-1343","status":"publish","type":"post","link":"https:\/\/www.europesays.com\/fr\/295886\/","title":{"rendered":"Sous-marins nucl\u00e9aires : le Kremlin appelle Donald Trump \u00e0 la \u00ab\u00a0prudence\u00a0\u00bb dans les menaces &#8211; 04\/08\/2025 \u00e0 13:43"},"content":{"rendered":"<p> L&rsquo;\u00e9missaire de Donald Trump, Steve Witkoff, est attendu en Russie cette semaine, \u00e0 quelques jours de l&rsquo;expiration de l&rsquo;ultimatum du pr\u00e9sident am\u00e9ricain sur la guerre en Ukraine.<\/p>\n<p>        <img fetchpriority=\"high\" decoding=\"async\" src=\"https:\/\/www.europesays.com\/fr\/wp-content\/uploads\/2025\/08\/479a612d400fa1c9f51c7e730f4fbbae-760x507.jpg\" alt=\"Dmitri Peskov \u00e0 Moscou, en Russie, le 23 juin 2025. ( POOL \/ PAVEL BEDNYAKOV )\" loading=\"eager\" width=\"760\" height=\"507\" style=\"max-width: 100%!important; height: auto;\"\/><\/p>\n<p class=\"c-image-news__legend\">Dmitri Peskov \u00e0 Moscou, en Russie, le 23 juin 2025. ( POOL \/ PAVEL BEDNYAKOV )<\/p>\n<p>\n Apr\u00e8s une nouvelle escalade de Donald Trump dans la rh\u00e9torique nucl\u00e9aire, le Kremlin a appel\u00e9 lundi 4 ao\u00fbt \u00e0 faire preuve d&rsquo;une \u00ab\u00a0grande prudence\u00a0\u00bb dans les menaces, alors que Donald Trump a ordonn\u00e9 vendredi le d\u00e9ploiement de deux sous-marins, en r\u00e9action \u00e0 des commentaires de l&rsquo;ex-pr\u00e9sident russe Dmitri Medvedev.\n<\/p>\n<p>\n <strong><br \/>\n  \u00ab\u00a0Nous pensons que tout le monde doit faire preuve d&rsquo;une grande prudence dans ses d\u00e9clarations sur le nucl\u00e9aire\u00a0\u00bb<br \/>\n <\/strong><br \/>\n , a d\u00e9clar\u00e9 le porte-parole de la pr\u00e9sidence russe, Dmitri Peskov, lors d&rsquo;un briefing auquel participe l&rsquo;<\/p>\n<p>  AFP<\/p>\n<p> . Dmitri Peskov a \u00e9galement affirm\u00e9 que les deux sous-marins am\u00e9ricains annonc\u00e9s comme d\u00e9ploy\u00e9s par Donald Trump \u00ab\u00a0sont d\u00e9j\u00e0 en service\u00a0\u00bb en permanence.\n<\/p>\n<p>\n \u00ab\u00a0Nous ne souhaitons pas nous laisser entra\u00eener dans une telle pol\u00e9mique\u00a0\u00bb, a-t-il encore ajout\u00e9.\n<\/p>\n<p>\n Donald Trump avait pris cette d\u00e9cision vendredi<br \/>\n <a href=\"https:\/\/www.boursorama.com\/bourse\/actualites\/trump-deploie-deux-sous-marins-nucleaires-face-a-des-commentaires-incendiaires-de-moscou-b3f95a2add840f2bce3c14d0af9b77f1\" title=\"Trump d\u00e9ploie deux sous-marins nucl\u00e9aires face \u00e0 des commentaires  incendiaires  de Moscou\" rel=\"nofollow noopener\" target=\"_blank\"><br \/>\n  en r\u00e9action \u00e0 des d\u00e9clarations jug\u00e9es provocatrices de l&rsquo;ex-pr\u00e9sident Dmitri Medvedev<br \/>\n <\/a><br \/>\n , qui multiplie depuis 2022 les commentaires martiaux envers les Occidentaux sur les r\u00e9seaux sociaux.\n<\/p>\n<p> Ultimatum de Donald Trump<\/p>\n<p>\n Il n&rsquo;a pas pr\u00e9cis\u00e9 o\u00f9 exactement les sous-marins seraient envoy\u00e9s, ni s&rsquo;il s&rsquo;agissait de submersibles \u00e0 propulsion nucl\u00e9aire ou porteurs d&rsquo;ogives atomiques.\n<\/p>\n<p>\n S&rsquo;\u00e9tant dans un premier temps Donald Trump montr\u00e9 conciliant avec son homologue russe Vladimir Poutine apr\u00e8s son retour au pouvoir en janvier, le dirigeant am\u00e9ricain a fait part de sa frustration ces derni\u00e8res semaines et<br \/>\n <strong><br \/>\n  menac\u00e9 d&rsquo;imposer de nouvelles sanctions contre la Russie<br \/>\n <\/strong><br \/>\n si elle n&rsquo;arr\u00eatait pas son offensive en Ukraine.\n<\/p>\n<p>\n Malgr\u00e9 ce pic de tensions, l&rsquo;\u00e9missaire de Donald Trump, Steve Witkoff, est attendu en Russie cette semaine, \u00e0 quelques jours de l&rsquo;expiration de l&rsquo;ultimatum pos\u00e9 par le pr\u00e9sident am\u00e9ricain \u00e0 son homologue russe.\n<\/p>\n<p>\n Dmitri Peskov a estim\u00e9 lundi que<br \/>\n <strong><br \/>\n  cette visite sera \u00ab\u00a0importante et utile\u00a0\u00bb.<br \/>\n <\/strong>\n<\/p>\n<p>\n \u00ab\u00a0Nous sommes toujours heureux de voir Monsieur Witkoff \u00e0 Moscou et toujours ravis d&rsquo;\u00eatre en contact avec lui\u00a0\u00bb, a-t-il d\u00e9clar\u00e9, ajoutant qu&rsquo;une rencontre avec Vladimir Poutine n&rsquo;\u00e9tait \u00ab\u00a0pas exclue\u00a0\u00bb.<\/p>\n","protected":false},"excerpt":{"rendered":"L&rsquo;\u00e9missaire de Donald Trump, Steve Witkoff, est attendu en Russie cette semaine, \u00e0 quelques jours de l&rsquo;expiration de&hellip;\n","protected":false},"author":2,"featured_media":295887,"comment_status":"","ping_status":"","sticky":false,"template":"","format":"standard","meta":{"footnotes":""},"categories":[5],"tags":[400,11,398,408,405,1011,27,403,14,402,399,404,12,401,406,407,28],"class_list":{"0":"post-295886","1":"post","2":"type-post","3":"status-publish","4":"format-standard","5":"has-post-thumbnail","7":"category-international","8":"tag-action-cac-40","9":"tag-actualites","10":"tag-bourse-de-paris","11":"tag-boursorama","12":"tag-cotations","13":"tag-fr","14":"tag-france","15":"tag-indices-devises","16":"tag-international","17":"tag-investir","18":"tag-investissement","19":"tag-marche-boursier","20":"tag-news","21":"tag-sicav","22":"tag-trackers","23":"tag-warrants","24":"tag-world"},"share_on_mastodon":{"url":"https:\/\/pubeurope.com\/@fr\/114970885161716907","error":""},"_links":{"self":[{"href":"https:\/\/www.europesays.com\/fr\/wp-json\/wp\/v2\/posts\/295886","targetHints":{"allow":["GET"]}}],"collection":[{"href":"https:\/\/www.europesays.com\/fr\/wp-json\/wp\/v2\/posts"}],"about":[{"href":"https:\/\/www.europesays.com\/fr\/wp-json\/wp\/v2\/types\/post"}],"author":[{"embeddable":true,"href":"https:\/\/www.europesays.com\/fr\/wp-json\/wp\/v2\/users\/2"}],"replies":[{"embeddable":true,"href":"https:\/\/www.europesays.com\/fr\/wp-json\/wp\/v2\/comments?post=295886"}],"version-history":[{"count":0,"href":"https:\/\/www.europesays.com\/fr\/wp-json\/wp\/v2\/posts\/295886\/revisions"}],"wp:featuredmedia":[{"embeddable":true,"href":"https:\/\/www.europesays.com\/fr\/wp-json\/wp\/v2\/media\/295887"}],"wp:attachment":[{"href":"https:\/\/www.europesays.com\/fr\/wp-json\/wp\/v2\/media?parent=295886"}],"wp:term":[{"taxonomy":"category","embeddable":true,"href":"https:\/\/www.europesays.com\/fr\/wp-json\/wp\/v2\/categories?post=295886"},{"taxonomy":"post_tag","embeddable":true,"href":"https:\/\/www.europesays.com\/fr\/wp-json\/wp\/v2\/tags?post=295886"}],"curies":[{"name":"wp","href":"https:\/\/api.w.org\/{rel}","templated":true}]}}