{"id":295893,"date":"2025-08-04T14:11:19","date_gmt":"2025-08-04T14:11:19","guid":{"rendered":"https:\/\/www.europesays.com\/fr\/295893\/"},"modified":"2025-08-04T14:11:19","modified_gmt":"2025-08-04T14:11:19","slug":"nancy-tout-lete-la-pepiniere-se-met-a-la-danse","status":"publish","type":"post","link":"https:\/\/www.europesays.com\/fr\/295893\/","title":{"rendered":"Nancy. Tout l\u2019\u00e9t\u00e9, la P\u00e9pini\u00e8re se met \u00e0 la danse"},"content":{"rendered":"<p>Jusqu\u2019au 30\u00a0ao\u00fbt 2025, le parc de la P\u00e9pini\u00e8re accueille \u00e0 l\u2019auditorium les amateurs de danse. Ces rendez-vous sont accessibles gratuitement et sans r\u00e9servation. Au programme\u00a0: tango, salsa, rock, swing, danse moderne ou th\u00e9 dansant. Les cours sont anim\u00e9s par les associations locales et le CCN &#8211; Ballet de Lorraine.<\/p>\n<p>&#8211; Th\u00e9 dansant avec Les amis du foyer Ren\u00e9 II tous les lundis, mercredis et vendredis de 14\u00a0h\u00a030 \u00e0 18\u00a0h\u00a030.<\/p>\n<p>&#8211; West coast swing avec 3et4 lundi 18\u00a0ao\u00fbt de 19\u00a0h \u00e0 22\u00a0h.<\/p>\n<p>&#8211; Danses de couple avec 3et4 tous les mardis de 19\u00a0h \u00e0 22\u00a0h<\/p>\n<p>&#8211; Tango argentin avec Plaisir Tango tous les mercredis de 19\u00a0h \u00e0 22\u00a0h.<\/p>\n<p>&#8211; Salsa, bachata et kizomba avec Cap Danse, tous les jeudis, et les samedis 19\u00a0juillet et 30\u00a0ao\u00fbt de 19\u00a0h \u00e0 22\u00a0h<\/p>\n<p>&#8211; Danses de soci\u00e9t\u00e9 avec Cap Danse tous les vendredis de 19\u00a0h \u00e0 22\u00a0h.<\/p>\n<p>&#8211; Rock, swing et west coast avec Cap Danse, tous les dimanches, et le samedi 16\u00a0ao\u00fbt de 19\u00a0h \u00e0 22\u00a0h.<\/p>\n<p>&#8211; Danses folk avec Folk en b\u0153uf, les samedis 9 et 23\u00a0ao\u00fbt de 19\u00a0h \u00e0 22\u00a0h.<\/p>\n<p>&#8211; Tango argentin avec Cap Danse, dimanche 24\u00a0ao\u00fbt de 15\u00a0h \u00e0 18\u00a0h.<\/p>\n<p>&#8211; Danse contemporaine avec le CCN &#8211; Ballet de Lorraine, mardi 26\u00a0ao\u00fbt et jeudi 28\u00a0ao\u00fbt de 17\u00a0h \u00e0 18\u00a0h\u00a030.<\/p>\n","protected":false},"excerpt":{"rendered":"Jusqu\u2019au 30\u00a0ao\u00fbt 2025, le parc de la P\u00e9pini\u00e8re accueille \u00e0 l\u2019auditorium les amateurs de danse. Ces rendez-vous sont&hellip;\n","protected":false},"author":2,"featured_media":295894,"comment_status":"","ping_status":"","sticky":false,"template":"","format":"standard","meta":{"footnotes":""},"categories":[9635],"tags":[1111,11,1687,1704,1777,674,1011,27,775,873,1702,1703,12,25],"class_list":{"0":"post-295893","1":"post","2":"type-post","3":"status-publish","4":"format-standard","5":"has-post-thumbnail","7":"category-nancy","8":"tag-actu","9":"tag-actualites","10":"tag-culture-loisirs","11":"tag-edition-nancy-et-agglomeration","12":"tag-eu","13":"tag-europe","14":"tag-fr","15":"tag-france","16":"tag-grand-est","17":"tag-musique","18":"tag-nancy","19":"tag-nancy-ville-54b","20":"tag-news","21":"tag-republique-francaise"},"share_on_mastodon":{"url":"https:\/\/pubeurope.com\/@fr\/114970904673687883","error":""},"_links":{"self":[{"href":"https:\/\/www.europesays.com\/fr\/wp-json\/wp\/v2\/posts\/295893","targetHints":{"allow":["GET"]}}],"collection":[{"href":"https:\/\/www.europesays.com\/fr\/wp-json\/wp\/v2\/posts"}],"about":[{"href":"https:\/\/www.europesays.com\/fr\/wp-json\/wp\/v2\/types\/post"}],"author":[{"embeddable":true,"href":"https:\/\/www.europesays.com\/fr\/wp-json\/wp\/v2\/users\/2"}],"replies":[{"embeddable":true,"href":"https:\/\/www.europesays.com\/fr\/wp-json\/wp\/v2\/comments?post=295893"}],"version-history":[{"count":0,"href":"https:\/\/www.europesays.com\/fr\/wp-json\/wp\/v2\/posts\/295893\/revisions"}],"wp:featuredmedia":[{"embeddable":true,"href":"https:\/\/www.europesays.com\/fr\/wp-json\/wp\/v2\/media\/295894"}],"wp:attachment":[{"href":"https:\/\/www.europesays.com\/fr\/wp-json\/wp\/v2\/media?parent=295893"}],"wp:term":[{"taxonomy":"category","embeddable":true,"href":"https:\/\/www.europesays.com\/fr\/wp-json\/wp\/v2\/categories?post=295893"},{"taxonomy":"post_tag","embeddable":true,"href":"https:\/\/www.europesays.com\/fr\/wp-json\/wp\/v2\/tags?post=295893"}],"curies":[{"name":"wp","href":"https:\/\/api.w.org\/{rel}","templated":true}]}}