{"id":295897,"date":"2025-08-04T14:13:09","date_gmt":"2025-08-04T14:13:09","guid":{"rendered":"https:\/\/www.europesays.com\/fr\/295897\/"},"modified":"2025-08-04T14:13:09","modified_gmt":"2025-08-04T14:13:09","slug":"elle-agresse-les-gendarmes-venus-sauver-son-fils-de-4-ans-enferme-dans-une-voiture-en-plein-soleil","status":"publish","type":"post","link":"https:\/\/www.europesays.com\/fr\/295897\/","title":{"rendered":"Elle agresse les gendarmes venus sauver son fils de 4\u00a0ans enferm\u00e9 dans une voiture en plein soleil"},"content":{"rendered":"<p>Elle aurait d\u00fb les remercier. Une m\u00e8re de famille a pr\u00e9f\u00e9r\u00e9 agresser des gendarmes vendredi 1er\u00a0ao\u00fbt 2025\u00a0sur un parking de\u00a0Saint-Marcel-l\u00e8s-Valence (Dr\u00f4me). Ces derniers venaient pourtant probablement de sauver la vie de son enfant, rapporte\u00a0<a href=\"https:\/\/c.ledauphine.com\/faits-divers-justice\/2025\/08\/02\/enfant-endormi-dans-une-voiture-au-soleil-la-mere-s-en-prend-aux-gendarmes\" target=\"_blank\" rel=\"noopener\"> Le Dauphin\u00e9 <\/a>.<\/p>\n<p>En fin d\u2019apr\u00e8s-midi, les militaires patrouillaient dans une zone commerciale quand des t\u00e9moins les ont alert\u00e9s de la pr\u00e9sence d\u2019un petit gar\u00e7on dans une voiture. L\u2019enfant \u00e9tait seul et semblait endormi \u00e0 l\u2019arri\u00e8re du v\u00e9hicule enti\u00e8rement verrouill\u00e9 et aux fen\u00eatres remont\u00e9es. Selon les t\u00e9moins, cela faisait une trentaine de minutes que le petit gar\u00e7on se trouvait l\u00e0.<\/p>\n<p>Convoqu\u00e9e \u00e0 la gendarmerie<\/p>\n<p>Les gendarmes ont patient\u00e9 une dizaine de minutes. Ne voyant personne revenir, ils ont pris la d\u00e9cision de briser une vitre de la voiture afin de lib\u00e9rer l\u2019enfant de l\u2019habitacle dans lequel la temp\u00e9rature grimpait de minute en minute. C\u2019est \u00e0 ce moment-l\u00e0 que la m\u00e8re est arriv\u00e9e.<\/p>\n<p>Surprise de la pr\u00e9sence des gendarmes, elle a expliqu\u00e9 qu\u2019elle \u00e9tait simplement partie faire quelques courses et qu\u2019elle avait voulu laisser dormir son fils de 4\u00a0ans. Inconsciente du danger qu\u2019elle avait fait courir \u00e0 son enfant, elle a agress\u00e9 les militaires. Elle sera bient\u00f4t convoqu\u00e9e \u00e0 la gendarmerie pour r\u00e9pondre de ses actes.<\/p>\n<p>La temp\u00e9rature \u00e0 l\u2019int\u00e9rieur d\u2019une voiture en plein soleil peut grimper tr\u00e8s vite, rappelle\u00a0<a href=\"https:\/\/www.vosgesmatin.fr\/faits-divers-justice\/2025\/08\/03\/elle-laisse-son-enfant-dans-la-voiture-en-plein-soleil-et-s-en-prend-aux-gendarmes-qui-le-sauvent\" target=\"_blank\" rel=\"noopener\"> Vosges Matin <\/a>. Quand il fait 15 \u00e0 20\u00a0\u00b0C dehors, le mercure peut atteindre 45\u00a0\u00b0C \u00e0 l\u2019int\u00e9rieur en seulement une demi-heure. Selon le <a href=\"https:\/\/www.interieur.gouv.fr\/\/Archives\/Archives-de-la-rubrique-Ma-securite\/Avec-votre-vehicule\/Chaleur-quels-reflexes-adopter-en-voiture-avec-des-enfants\" target=\"_blank\" rel=\"noopener\">minist\u00e8re de l\u2019Int\u00e9rieur<\/a>, un enfant peut d\u00e9c\u00e9der ainsi en seulement dix minutes si la temp\u00e9rature ext\u00e9rieure est de 26\u00a0\u00b0C ou plus.<\/p>\n<p>\u00a0<\/p>\n","protected":false},"excerpt":{"rendered":"Elle aurait d\u00fb les remercier. Une m\u00e8re de famille a pr\u00e9f\u00e9r\u00e9 agresser des gendarmes vendredi 1er\u00a0ao\u00fbt 2025\u00a0sur un&hellip;\n","protected":false},"author":2,"featured_media":295898,"comment_status":"","ping_status":"","sticky":false,"template":"","format":"standard","meta":{"footnotes":""},"categories":[9619],"tags":[15540,1111,11,8058,1764,43604,1777,674,1742,1011,27,13369,12,882,25,9874,4904,2310,16415,4752],"class_list":{"0":"post-295897","1":"post","2":"type-post","3":"status-publish","4":"format-standard","5":"has-post-thumbnail","7":"category-toulon","8":"tag-15540","9":"tag-actu","10":"tag-actualites","11":"tag-agresse","12":"tag-ans","13":"tag-enferme","14":"tag-eu","15":"tag-europe","16":"tag-fils","17":"tag-fr","18":"tag-france","19":"tag-gendarmes","20":"tag-news","21":"tag-provence-alpes-cote-dazur","22":"tag-republique-francaise","23":"tag-sauver","24":"tag-soleil","25":"tag-toulon","26":"tag-venus","27":"tag-voiture"},"share_on_mastodon":{"url":"https:\/\/pubeurope.com\/@fr\/114970912543019151","error":""},"_links":{"self":[{"href":"https:\/\/www.europesays.com\/fr\/wp-json\/wp\/v2\/posts\/295897","targetHints":{"allow":["GET"]}}],"collection":[{"href":"https:\/\/www.europesays.com\/fr\/wp-json\/wp\/v2\/posts"}],"about":[{"href":"https:\/\/www.europesays.com\/fr\/wp-json\/wp\/v2\/types\/post"}],"author":[{"embeddable":true,"href":"https:\/\/www.europesays.com\/fr\/wp-json\/wp\/v2\/users\/2"}],"replies":[{"embeddable":true,"href":"https:\/\/www.europesays.com\/fr\/wp-json\/wp\/v2\/comments?post=295897"}],"version-history":[{"count":0,"href":"https:\/\/www.europesays.com\/fr\/wp-json\/wp\/v2\/posts\/295897\/revisions"}],"wp:featuredmedia":[{"embeddable":true,"href":"https:\/\/www.europesays.com\/fr\/wp-json\/wp\/v2\/media\/295898"}],"wp:attachment":[{"href":"https:\/\/www.europesays.com\/fr\/wp-json\/wp\/v2\/media?parent=295897"}],"wp:term":[{"taxonomy":"category","embeddable":true,"href":"https:\/\/www.europesays.com\/fr\/wp-json\/wp\/v2\/categories?post=295897"},{"taxonomy":"post_tag","embeddable":true,"href":"https:\/\/www.europesays.com\/fr\/wp-json\/wp\/v2\/tags?post=295897"}],"curies":[{"name":"wp","href":"https:\/\/api.w.org\/{rel}","templated":true}]}}