{"id":295903,"date":"2025-08-04T14:19:14","date_gmt":"2025-08-04T14:19:14","guid":{"rendered":"https:\/\/www.europesays.com\/fr\/295903\/"},"modified":"2025-08-04T14:19:14","modified_gmt":"2025-08-04T14:19:14","slug":"le-fc-rouen-sexcuse-apres-du-fc-dieppe-apres-les-degradations-commises-au-stade-dasnias","status":"publish","type":"post","link":"https:\/\/www.europesays.com\/fr\/295903\/","title":{"rendered":"Le FC Rouen s\u2019excuse apr\u00e8s du FC Dieppe apr\u00e8s les d\u00e9gradations commises au stade Dasnias"},"content":{"rendered":"<p>            Par<br \/>\n        <strong><br \/>\n            <a href=\"https:\/\/actu.fr\/auteur\/augustin-bouquetdeschaux\" title=\"Consulter tous les articles de Augustin Bouquet des Chaux\" target=\"_blank\" rel=\"noopener\">Augustin Bouquet des Chaux<\/a><br \/>\n        <\/strong><\/p>\n<p>        Publi\u00e9 le<\/p>\n<p>            4 ao\u00fbt 2025 \u00e0 15h58        <\/p>\n<p><b>Vendredi 1er\u00a0ao\u00fbt 2025<\/b>, le <a href=\"https:\/\/actu.fr\/tag\/fc-dieppe\" target=\"_blank\" rel=\"noopener\">FC Dieppe<\/a> a re\u00e7u le <a href=\"https:\/\/actu.fr\/tag\/fc-rouen\" target=\"_blank\" rel=\"noopener\">FC Rouen<\/a> dans le cadre d\u2019un match amical de pr\u00e9paration pour sa saison en National\u00a02.<\/p>\n<p class=\" wall-content\">Un match \u00e9videmment sp\u00e9cial qui a provoqu\u00e9 un afflux de spectateurs au <b>stade Jean-Dasnias <\/b>\u00e0 Saint-Aubin-sur-Scie. Des supporters des Harengs \u00e9videmment mais aussi au moins 300 soutiens des Diables rouges rouennais.<\/p>\n<p>Des toilettes tagu\u00e9es<\/p>\n<p class=\" wall-content\">Si la rencontre s\u2019est d\u00e9roul\u00e9e sans heurts, des d\u00e9gradations ont \u00e9t\u00e9 constat\u00e9es dans le stade. \u00ab\u2009Notamment des toilettes tagu\u00e9es\u2009\u00bb note le FC Rouen dans un communiqu\u00e9 publi\u00e9 sur ses r\u00e9seaux sociaux.<\/p>\n<p>Des excuses \u00e0 la Ville de Dieppe<\/p>\n<p class=\" wall-content\">Un texte que le club rouennais a produit afin de condamner les actes r\u00e9pr\u00e9hensibles isol\u00e9s venus \u00ab\u2009ternir la soir\u00e9e\u2009\u00bb. Le club pointe \u00e9galement l\u2019utilisation de fumig\u00e8nes non autoris\u00e9s par ses supporters.<\/p>\n<p>Vid\u00e9os : en ce moment sur Actu<\/p>\n<p class=\" wall-content\">Le club rappelle \u00e9galement \u00e0 ses soutiens qu\u2019il a d\u00e9j\u00e0 connu des mesures disciplinaires (huis-clos et retrait de points) \u00e0 la suite de comportements r\u00e9pr\u00e9hensibles dans les tribunes.<\/p>\n<p class=\" wall-content\">Le FC Rouen conclut son communiqu\u00e9 en pr\u00e9sentant des excuses au FC Dieppe ainsi qu\u2019\u00e0 la Ville de Dieppe.<\/p>\n<p class=\" wall-content\">Suivez toute l\u2019actualit\u00e9 de vos villes et m\u00e9dias favoris en vous inscrivant \u00e0 <a href=\"https:\/\/moncompte.actu.fr\" title=\"D\u00e9couvez Mon Actu\" rel=\"nofollow noopener\" data-trk=\"{&quot;cta&quot;:{&quot;action&quot;:&quot;https:\\\/\\\/moncompte.actu.fr&quot;,&quot;category&quot;:&quot;mon compte&quot;,&quot;from&quot;:&quot;article footer&quot;,&quot;name&quot;:&quot;Mon actu&quot;,&quot;type&quot;:&quot;cta&quot;}}\" target=\"_blank\">Mon Actu<\/a>.<\/p>\n","protected":false},"excerpt":{"rendered":"Par Augustin Bouquet des Chaux Publi\u00e9 le 4 ao\u00fbt 2025 \u00e0 15h58 Vendredi 1er\u00a0ao\u00fbt 2025, le FC Dieppe&hellip;\n","protected":false},"author":2,"featured_media":295904,"comment_status":"","ping_status":"","sticky":false,"template":"","format":"standard","meta":{"footnotes":""},"categories":[9587],"tags":[1111,11,1777,674,43605,12003,1011,27,12,5161,25,9590,104],"class_list":{"0":"post-295903","1":"post","2":"type-post","3":"status-publish","4":"format-standard","5":"has-post-thumbnail","7":"category-rouen","8":"tag-actu","9":"tag-actualites","10":"tag-eu","11":"tag-europe","12":"tag-fc-dieppe","13":"tag-fc-rouen","14":"tag-fr","15":"tag-france","16":"tag-news","17":"tag-normandie","18":"tag-republique-francaise","19":"tag-rouen","20":"tag-societe"},"share_on_mastodon":{"url":"https:\/\/pubeurope.com\/@fr\/114970936126593137","error":""},"_links":{"self":[{"href":"https:\/\/www.europesays.com\/fr\/wp-json\/wp\/v2\/posts\/295903","targetHints":{"allow":["GET"]}}],"collection":[{"href":"https:\/\/www.europesays.com\/fr\/wp-json\/wp\/v2\/posts"}],"about":[{"href":"https:\/\/www.europesays.com\/fr\/wp-json\/wp\/v2\/types\/post"}],"author":[{"embeddable":true,"href":"https:\/\/www.europesays.com\/fr\/wp-json\/wp\/v2\/users\/2"}],"replies":[{"embeddable":true,"href":"https:\/\/www.europesays.com\/fr\/wp-json\/wp\/v2\/comments?post=295903"}],"version-history":[{"count":0,"href":"https:\/\/www.europesays.com\/fr\/wp-json\/wp\/v2\/posts\/295903\/revisions"}],"wp:featuredmedia":[{"embeddable":true,"href":"https:\/\/www.europesays.com\/fr\/wp-json\/wp\/v2\/media\/295904"}],"wp:attachment":[{"href":"https:\/\/www.europesays.com\/fr\/wp-json\/wp\/v2\/media?parent=295903"}],"wp:term":[{"taxonomy":"category","embeddable":true,"href":"https:\/\/www.europesays.com\/fr\/wp-json\/wp\/v2\/categories?post=295903"},{"taxonomy":"post_tag","embeddable":true,"href":"https:\/\/www.europesays.com\/fr\/wp-json\/wp\/v2\/tags?post=295903"}],"curies":[{"name":"wp","href":"https:\/\/api.w.org\/{rel}","templated":true}]}}