{"id":295912,"date":"2025-08-04T14:26:09","date_gmt":"2025-08-04T14:26:09","guid":{"rendered":"https:\/\/www.europesays.com\/fr\/295912\/"},"modified":"2025-08-04T14:26:09","modified_gmt":"2025-08-04T14:26:09","slug":"un-voyage-dans-le-grand-nord-pour-strasbourg-en-barrages-de-ligue-conference-c4-barrages-tirage-au-sort","status":"publish","type":"post","link":"https:\/\/www.europesays.com\/fr\/295912\/","title":{"rendered":"Un voyage dans le Grand Nord pour Strasbourg en barrages de Ligue Conf\u00e9rence &#8211; C4 &#8211; Barrages &#8211; Tirage au sort"},"content":{"rendered":"<p data-start=\"115\" data-end=\"155\">Au nord, c\u2019\u00e9tait les Strasbourgeois.<\/p>\n<p data-start=\"157\" data-end=\"664\">Strasbourg, route C4, \u00e9tape 1. Pour son grand retour sur la sc\u00e8ne europ\u00e9enne apr\u00e8s six ans d\u2019absence, <strong>le Racing devra en passer par un barrage de <a target=\"_blank\" href=\"https:\/\/www.sofoot.com\/breves\/coupe-deurope-47-matchs-de-ligue-conference-a-suivre-ce-jeudi\" rel=\"nofollow noopener\">Ligue Conf\u00e9rence<\/a><\/strong> pour d\u00e9crocher son billet pour la phase de groupes. Le tirage au sort, effectu\u00e9 ce lundi \u00e0 Nyon, a r\u00e9serv\u00e9 aux hommes de Liam Rosenior <strong>un duel face au vainqueur d\u2019un affrontement 100% nordique<\/strong> entre les Islandais du <strong><a target=\"_blank\" href=\"https:\/\/www.sofoot.com\/breves\/la-drole-didee-du-vikingur-reykjavik-pour-agrandir-la-capacite-de-son-stade\" rel=\"nofollow noopener\">V\u00edkingur Reykjav\u00edk<\/a> et les Danois de Br\u00f8ndby IF<\/strong>. Match aller \u00e0 la Meinau le 21 ao\u00fbt, retour une semaine plus tard.<\/p>\n<p>Suivre l\u2019exemple Chelsea<\/p>\n<p data-start=\"699\" data-end=\"1166\">Malgr\u00e9 une septi\u00e8me place frustrante, chip\u00e9e sur le fil par l\u2019OL, <strong>le RCSA entame la saison 2025-2026 avec des moyens et des id\u00e9es <\/strong>(merci Chelsea). Pour \u00e7a, <a target=\"_blank\" href=\"https:\/\/www.sofoot.com\/articles\/cest-quoi-ce-mercato-de-zinzin-a-strasbourg\" rel=\"nofollow noopener\">la galaxie BlueCo a activ\u00e9 ses tuyaux<\/a> :<strong> Kendry P\u00e1ez, <a target=\"_blank\" href=\"https:\/\/www.sofoot.com\/breves\/mercato-strasbourg-fait-ses-emplettes-a-chelsea-pour-son-nouveau-gardien\" rel=\"nofollow noopener\">Mike Penders<\/a> et Mamadou Sarr<\/strong> ont d\u00e9barqu\u00e9 en pr\u00eat de Chelsea, pendant que <strong>Joaqu\u00edn Panichelli<\/strong>, buteur argentin en provenance d\u2019Alav\u00e9s, a \u00e9t\u00e9 achet\u00e9 contre un joli ch\u00e8que de <strong>15 millions d\u2019euros<\/strong>. Reste \u00e0 marcher dans les pas du <a target=\"_blank\" href=\"https:\/\/www.sofoot.com\/breves\/strasbourg-recupere-mamadou-sarr-quil-avait-vendu-a-chelsea\" rel=\"nofollow noopener\">grand fr\u00e8re de Londres<\/a>, dernier vainqueur de cette immense Ligue Conf\u00e9rence face au Real Betis en mai dernier.<\/p>\n<p data-start=\"1168\" data-end=\"1264\">Apparemment, que ce soit en Islande ou au Danemark, les clim\u2019 sont toujours en mode grand froid.<\/p>\n<p>\t\t\t\t\t\t\t\t\t\t<a class=\"lien-connexe\" href=\"https:\/\/www.sofoot.com\/articles\/cest-quoi-ce-mercato-de-zinzin-a-strasbourg\" rel=\"nofollow noopener\" target=\"_blank\">C\u2019est quoi ce mercato de zinzin \u00e0 Strasbourg\u00a0?<\/a>\t\t\t\t\t<\/p>\n","protected":false},"excerpt":{"rendered":"Au nord, c\u2019\u00e9tait les Strasbourgeois. Strasbourg, route C4, \u00e9tape 1. Pour son grand retour sur la sc\u00e8ne europ\u00e9enne&hellip;\n","protected":false},"author":2,"featured_media":295913,"comment_status":"","ping_status":"","sticky":false,"template":"","format":"standard","meta":{"footnotes":""},"categories":[2820],"tags":[1111,47,11,61,69,65,64,1777,674,63,1011,27,775,68,66,12,62,70,25,67,640],"class_list":{"0":"post-295912","1":"post","2":"type-post","3":"status-publish","4":"format-standard","5":"has-post-thumbnail","7":"category-strasbourg","8":"tag-actu","9":"tag-actualite","10":"tag-actualites","11":"tag-actus-football","12":"tag-bundesliga","13":"tag-championnats-europeens","14":"tag-equipe-de-france","15":"tag-eu","16":"tag-europe","17":"tag-football","18":"tag-fr","19":"tag-france","20":"tag-grand-est","21":"tag-ligua","22":"tag-ligue-1","23":"tag-news","24":"tag-news-foot","25":"tag-premier-league","26":"tag-republique-francaise","27":"tag-serie-a","28":"tag-strasbourg"},"share_on_mastodon":{"url":"","error":""},"_links":{"self":[{"href":"https:\/\/www.europesays.com\/fr\/wp-json\/wp\/v2\/posts\/295912","targetHints":{"allow":["GET"]}}],"collection":[{"href":"https:\/\/www.europesays.com\/fr\/wp-json\/wp\/v2\/posts"}],"about":[{"href":"https:\/\/www.europesays.com\/fr\/wp-json\/wp\/v2\/types\/post"}],"author":[{"embeddable":true,"href":"https:\/\/www.europesays.com\/fr\/wp-json\/wp\/v2\/users\/2"}],"replies":[{"embeddable":true,"href":"https:\/\/www.europesays.com\/fr\/wp-json\/wp\/v2\/comments?post=295912"}],"version-history":[{"count":0,"href":"https:\/\/www.europesays.com\/fr\/wp-json\/wp\/v2\/posts\/295912\/revisions"}],"wp:featuredmedia":[{"embeddable":true,"href":"https:\/\/www.europesays.com\/fr\/wp-json\/wp\/v2\/media\/295913"}],"wp:attachment":[{"href":"https:\/\/www.europesays.com\/fr\/wp-json\/wp\/v2\/media?parent=295912"}],"wp:term":[{"taxonomy":"category","embeddable":true,"href":"https:\/\/www.europesays.com\/fr\/wp-json\/wp\/v2\/categories?post=295912"},{"taxonomy":"post_tag","embeddable":true,"href":"https:\/\/www.europesays.com\/fr\/wp-json\/wp\/v2\/tags?post=295912"}],"curies":[{"name":"wp","href":"https:\/\/api.w.org\/{rel}","templated":true}]}}