{"id":295918,"date":"2025-08-04T14:29:12","date_gmt":"2025-08-04T14:29:12","guid":{"rendered":"https:\/\/www.europesays.com\/fr\/295918\/"},"modified":"2025-08-04T14:29:12","modified_gmt":"2025-08-04T14:29:12","slug":"ils-lassurent-cette-annee-la-traditionnelle-fete-de-la-saint-laurent-se-reinvente","status":"publish","type":"post","link":"https:\/\/www.europesays.com\/fr\/295918\/","title":{"rendered":"Ils l\u2019assurent, cette ann\u00e9e la traditionnelle f\u00eate de la Saint-Laurent \u00ab\u00a0se r\u00e9invente\u00a0\u00bb"},"content":{"rendered":"<p><a href=\"https:\/\/saint-nazaire.maville.com\/actu\/actudet_-apres-avoir-ete-annulee-l-an-passe-cette-grande-fete-de-loire-atlantique-nee-en-1875-revient-_8-6659310_actu.Htm\" target=\"_blank\" rel=\"noopener\">La Saint-Laurent aura bien lieu du 9 au 11\u00a0ao\u00fbt 2025 \u00e0 Blain<\/a>.<\/p>\n<p><a href=\"https:\/\/saint-nazaire.maville.com\/actu\/actudet_-la-saint-laurent-de-blain-se-reinvente-pour-2025-le-president-lance-un-appel-aux-benevoles-_8-6807268_actu.Htm\" target=\"_blank\" rel=\"noopener\">Le pr\u00e9sident \u00c9ric Fenasse <\/a>le dit haut et fort\u00a0: \u00a0Nous sommes en pleins pr\u00e9paratifs. La f\u00eate se r\u00e9invente, il y aura six chars et des v\u00e9hicules anciens, notre th\u00e8me cette ann\u00e9e.\u00a0<\/p>\n<p>La f\u00eate foraine est confirm\u00e9e<\/p>\n<p>Le pr\u00e9sident annonce \u00e9galement qu\u2019il y aura bien une f\u00eate foraine, \u00a0contrairement \u00e0 ce que l\u2019on a pu lire sur les r\u00e9seaux\u00a0, ainsi que le traditionnel repas champ\u00eatre, le feu d\u2019artifice et une soir\u00e9e DJ, dimanche 10\u00a0ao\u00fbt. \u00a0Il n\u2019y aura pas de foire le mardi\u00a0. Il r\u00e9v\u00e8le aussi que la messe de dimanche 10\u00a0ao\u00fbt sera faite par l\u2019\u00e9v\u00eaque de Nantes, Monseigneur Laurent Percerou. \u00a0Celui-ci b\u00e9nira les voitures \u00e0 la sortie de la messe pour ceux qui le souhaitent\u00a0.<\/p>\n<p>Place aux nostalgiques automobiles<\/p>\n<p>Jean Alavoine du comit\u00e9 des f\u00eates, passionn\u00e9 de v\u00e9hicules anciens confie\u00a0: \u00a0les collectionneurs de voitures anciennes, de la naissance de l\u2019automobile aux ann\u00e9es 2000, qui souhaitent nous rejoindre le samedi\u00a09 et dimanche 10\u00a0ao\u00fbt peuvent le faire au dernier moment sur le site de la Frelaudais\u00a0.<\/p>\n<p>Autre nouveaut\u00e9, Le club de P\u00e9tanque Blinois organise un concours de p\u00e9tanque, Le challenge de la Saint-Laurent, vendredi 8\u00a0ao\u00fbt.<\/p>\n<p>\u00a0<\/p>\n","protected":false},"excerpt":{"rendered":"La Saint-Laurent aura bien lieu du 9 au 11\u00a0ao\u00fbt 2025 \u00e0 Blain. Le pr\u00e9sident \u00c9ric Fenasse le dit&hellip;\n","protected":false},"author":2,"featured_media":295919,"comment_status":"","ping_status":"","sticky":false,"template":"","format":"standard","meta":{"footnotes":""},"categories":[2818],"tags":[1111,11,5648,43606,1777,674,4768,1011,27,766,12,2636,41775,25,13507,26581],"class_list":{"0":"post-295918","1":"post","2":"type-post","3":"status-publish","4":"format-standard","5":"has-post-thumbnail","7":"category-nantes","8":"tag-actu","9":"tag-actualites","10":"tag-annee","11":"tag-assurent","12":"tag-eu","13":"tag-europe","14":"tag-fete","15":"tag-fr","16":"tag-france","17":"tag-nantes","18":"tag-news","19":"tag-pays-de-la-loire","20":"tag-reinvente","21":"tag-republique-francaise","22":"tag-saint-laurent","23":"tag-traditionnelle"},"share_on_mastodon":{"url":"https:\/\/pubeurope.com\/@fr\/114970975511625109","error":""},"_links":{"self":[{"href":"https:\/\/www.europesays.com\/fr\/wp-json\/wp\/v2\/posts\/295918","targetHints":{"allow":["GET"]}}],"collection":[{"href":"https:\/\/www.europesays.com\/fr\/wp-json\/wp\/v2\/posts"}],"about":[{"href":"https:\/\/www.europesays.com\/fr\/wp-json\/wp\/v2\/types\/post"}],"author":[{"embeddable":true,"href":"https:\/\/www.europesays.com\/fr\/wp-json\/wp\/v2\/users\/2"}],"replies":[{"embeddable":true,"href":"https:\/\/www.europesays.com\/fr\/wp-json\/wp\/v2\/comments?post=295918"}],"version-history":[{"count":0,"href":"https:\/\/www.europesays.com\/fr\/wp-json\/wp\/v2\/posts\/295918\/revisions"}],"wp:featuredmedia":[{"embeddable":true,"href":"https:\/\/www.europesays.com\/fr\/wp-json\/wp\/v2\/media\/295919"}],"wp:attachment":[{"href":"https:\/\/www.europesays.com\/fr\/wp-json\/wp\/v2\/media?parent=295918"}],"wp:term":[{"taxonomy":"category","embeddable":true,"href":"https:\/\/www.europesays.com\/fr\/wp-json\/wp\/v2\/categories?post=295918"},{"taxonomy":"post_tag","embeddable":true,"href":"https:\/\/www.europesays.com\/fr\/wp-json\/wp\/v2\/tags?post=295918"}],"curies":[{"name":"wp","href":"https:\/\/api.w.org\/{rel}","templated":true}]}}