{"id":295922,"date":"2025-08-04T14:32:13","date_gmt":"2025-08-04T14:32:13","guid":{"rendered":"https:\/\/www.europesays.com\/fr\/295922\/"},"modified":"2025-08-04T14:32:13","modified_gmt":"2025-08-04T14:32:13","slug":"pres-de-bordeaux-trois-accidents-graves-durant-le-week-end-de-chasse-croise","status":"publish","type":"post","link":"https:\/\/www.europesays.com\/fr\/295922\/","title":{"rendered":"Pr\u00e8s de Bordeaux, trois accidents graves durant le week-end de chass\u00e9-crois\u00e9"},"content":{"rendered":"<p>En Gironde, la journ\u00e9e du samedi 2 ao\u00fbt a \u00e9t\u00e9 marqu\u00e9e par trois accidents de la route diff\u00e9rents, dans les communes de Blanquefort, Saint-M\u00e9dard-en-Jalles et La Teste-de-Buch.<\/p>\n<p class=\"fig-paragraph\">Ce samedi 2 ao\u00fbt, une s\u00e9rie d\u2019accidents graves a frapp\u00e9 la\u00a0<a href=\"http:\/\/www.lefigaro.fr\/faits-divers\/gironde-un-homme-retrouve-mort-apres-une-soiree-d-anniversaire-20250802\" data-fig-type=\"NewsFlash\" data-gtm-custom-categorie=\"navigation\" data-gtm-custom-action=\"crossclick\" data-gtm-custom-label=\"Contextuel\" data-gtm-event=\"customEventSPE\" data-fig-domain=\"LEFIGARO\" target=\"_blank\" rel=\"noopener\">Gironde<\/a>. D\u00e8s 5 heures du matin, \u00e0 Blanquefort, deux\u00a0<a href=\"http:\/\/www.lefigaro.fr\/societes\/technologie-prix-lecture-des-tendances-pourquoi-la-voiture-chinoise-seduit-tant-20250803\" data-fig-type=\"Article\" data-gtm-custom-categorie=\"navigation\" data-gtm-custom-action=\"crossclick\" data-gtm-custom-label=\"Contextuel\" data-gtm-event=\"customEventSPE\" data-fig-domain=\"LEFIGARO\" target=\"_blank\" rel=\"noopener\">v\u00e9hicules\u00a0<\/a>l\u00e9gers sont entr\u00e9s en collision frontale sur l\u2019avenue de Labarde, en bordure de\u00a0<a href=\"https:\/\/video.lefigaro.fr\/figarotv\/video\/le-figaro-patrimoine-sur-les-rives-de-la-garonne\/\" target=\"_blank\" data-fig-type=\"Video\" rel=\"sponsored noopener\" data-gtm-custom-categorie=\"navigation\" data-gtm-custom-action=\"crossclick\" data-gtm-custom-label=\"Contextuel\" data-gtm-event=\"customEventSPE\" data-fig-domain=\"VIDEO\">Garonne<\/a>. Le choc a fait six bless\u00e9s, \u00e2g\u00e9s de 15 \u00e0 19 ans. Deux des victimes, un jeune homme de 19 ans et une adolescente de 16 ans, ont \u00e9t\u00e9 \u00e9vacu\u00e9s en urgence absolue vers le CHU Pellegrin de Bordeaux. Un troisi\u00e8me bless\u00e9, un gar\u00e7on de 15 ans, a lui \u00e9t\u00e9 transport\u00e9 en urgence relative. Les trois autres jeunes ont \u00e9t\u00e9 transf\u00e9r\u00e9s en urgence relative \u00e0 la clinique Bordeaux Nord.<\/p>\n<p class=\"fig-paragraph\">Aucun pronostic vital n\u2019est engag\u00e9. Les circonstances exactes de l\u2019accident restent \u00e0 d\u00e9terminer. Une enqu\u00eate a \u00e9t\u00e9 ouverte afin de faire la lumi\u00e8re sur les causes de la collision.<\/p>\n<p>                                    <a class=\"fig-a11y-skip a11y-hidden\" href=\"#fig-a11y-skip-main-inarticle\"><br \/>\n        Passer la publicit\u00e9<br \/>\n    <\/a><\/p>\n<p>Un policier gri\u00e8vement bless\u00e9<\/p>\n<p class=\"fig-paragraph\">En fin de journ\u00e9e, une autre collision entre deux voitures a fait neuf bless\u00e9s, dont sept dans un \u00e9tat jug\u00e9 tr\u00e8s grave, \u00e0 Saint-M\u00e9dard-en-Jalles. L\u2019accident s\u2019est produit sur la d\u00e9partementale 107, avenue du Temple, aux alentours de 18h30. Les sept victimes les plus s\u00e9v\u00e8rement bless\u00e9es ont \u00e9t\u00e9 \u00e9vacu\u00e9es vers l\u2019h\u00f4pital Pellegrin. Parmi les bless\u00e9s, cinq d\u2019entre eux sont de nationalit\u00e9 allemande.<\/p>\n<p class=\"fig-paragraph\">Enfin, aux alentours de 19 heures, c\u2019est un agent de la police nationale \u00e2g\u00e9 de 48 ans qui a \u00e9t\u00e9 gri\u00e8vement bless\u00e9. \u00c0 moto, il est entr\u00e9 en collision avec une voiture sur la RD 1250, \u00e0 La Teste-de-Buch. Le quadrag\u00e9naire a \u00e9t\u00e9 s\u00e9v\u00e8rement touch\u00e9 au niveau du f\u00e9mur. Pris en charge sur place, il a \u00e9t\u00e9 transport\u00e9 en urgence vers le P\u00f4le de sant\u00e9 d\u2019Arcachon, o\u00f9 il a \u00e9t\u00e9 admis pour des soins intensifs. Selon la police, une enqu\u00eate a \u00e9t\u00e9 ouverte pour d\u00e9terminer les causes pr\u00e9cises de l\u2019accident, qui sont pour l\u2019heure inconnues.<\/p>\n","protected":false},"excerpt":{"rendered":"En Gironde, la journ\u00e9e du samedi 2 ao\u00fbt a \u00e9t\u00e9 marqu\u00e9e par trois accidents de la route diff\u00e9rents,&hellip;\n","protected":false},"author":2,"featured_media":295923,"comment_status":"","ping_status":"","sticky":false,"template":"","format":"standard","meta":{"footnotes":""},"categories":[2817],"tags":[119,4376,1111,11,1997,1777,674,1011,27,12,2219,25],"class_list":{"0":"post-295922","1":"post","2":"type-post","3":"status-publish","4":"format-standard","5":"has-post-thumbnail","7":"category-bordeaux","8":"tag-accident","9":"tag-accident-de-la-route","10":"tag-actu","11":"tag-actualites","12":"tag-bordeaux","13":"tag-eu","14":"tag-europe","15":"tag-fr","16":"tag-france","17":"tag-news","18":"tag-nouvelle-aquitaine","19":"tag-republique-francaise"},"share_on_mastodon":{"url":"https:\/\/pubeurope.com\/@fr\/114970987331327094","error":""},"_links":{"self":[{"href":"https:\/\/www.europesays.com\/fr\/wp-json\/wp\/v2\/posts\/295922","targetHints":{"allow":["GET"]}}],"collection":[{"href":"https:\/\/www.europesays.com\/fr\/wp-json\/wp\/v2\/posts"}],"about":[{"href":"https:\/\/www.europesays.com\/fr\/wp-json\/wp\/v2\/types\/post"}],"author":[{"embeddable":true,"href":"https:\/\/www.europesays.com\/fr\/wp-json\/wp\/v2\/users\/2"}],"replies":[{"embeddable":true,"href":"https:\/\/www.europesays.com\/fr\/wp-json\/wp\/v2\/comments?post=295922"}],"version-history":[{"count":0,"href":"https:\/\/www.europesays.com\/fr\/wp-json\/wp\/v2\/posts\/295922\/revisions"}],"wp:featuredmedia":[{"embeddable":true,"href":"https:\/\/www.europesays.com\/fr\/wp-json\/wp\/v2\/media\/295923"}],"wp:attachment":[{"href":"https:\/\/www.europesays.com\/fr\/wp-json\/wp\/v2\/media?parent=295922"}],"wp:term":[{"taxonomy":"category","embeddable":true,"href":"https:\/\/www.europesays.com\/fr\/wp-json\/wp\/v2\/categories?post=295922"},{"taxonomy":"post_tag","embeddable":true,"href":"https:\/\/www.europesays.com\/fr\/wp-json\/wp\/v2\/tags?post=295922"}],"curies":[{"name":"wp","href":"https:\/\/api.w.org\/{rel}","templated":true}]}}