{"id":295931,"date":"2025-08-04T14:37:11","date_gmt":"2025-08-04T14:37:11","guid":{"rendered":"https:\/\/www.europesays.com\/fr\/295931\/"},"modified":"2025-08-04T14:37:11","modified_gmt":"2025-08-04T14:37:11","slug":"apres-un-refus-dobtemperer-un-homme-arme-et-recherche-interpelle-a-marseille","status":"publish","type":"post","link":"https:\/\/www.europesays.com\/fr\/295931\/","title":{"rendered":"Apr\u00e8s un refus d&rsquo;obtemp\u00e9rer, un homme arm\u00e9 et recherch\u00e9 interpell\u00e9 \u00e0 Marseille"},"content":{"rendered":"<p>Il \u00e9tait environ 3h du matin, dans la nuit du 3 au 4 ao\u00fbt 2025, lorsque, une fois n&rsquo;est pas coutume, l&rsquo;intuition d&rsquo;une patrouille de la Bac de nuit s&rsquo;est soudain concr\u00e9tis\u00e9e par un refus d&rsquo;obtemp\u00e9rer.<\/p>\n<p>L&rsquo;automobiliste rep\u00e9r\u00e9 sur le chemin de la Madrague-Ville, dans le 15e arrondissement de <a href=\"https:\/\/www.laprovence.com\/bouches-du-rhone\/marseille-13055\" target=\"_blank\" rel=\"noopener\">Marseille<\/a>, n&rsquo;a gu\u00e8re eu le temps de prendre la fuite au volant, pr\u00e9f\u00e9rant tenter sa chance \u00e0 pied.<\/p>\n<p>Il se d\u00e9barrasse d&rsquo;un pistolet automatique<\/p>\n<p>Alors qu&rsquo;il prenait ses jambes \u00e0 son cou, poursuivi par les policiers en civil, l&rsquo;homme s&rsquo;est prestement d\u00e9barrass\u00e9 d&rsquo;une arme de poing avant d&rsquo;\u00eatre rattrap\u00e9 un peu plus loin. Et ma\u00eetris\u00e9, mais non sans mal.<\/p>\n<p>L&rsquo;une des fonctionnaires a \u00e9t\u00e9 bless\u00e9e apr\u00e8s avoir re\u00e7u plusieurs coups avant que le fuyard ne finisse enfin menott\u00e9 dans la voiture de patrouille.<\/p>\n<p>Sur le retour, les agents ont retrouv\u00e9 l&rsquo;arme qui embarrassait leur homme. Il s&rsquo;agissait en effet d&rsquo;un pistolet automatique, aussit\u00f4t saisi.\u00a0<\/p>\n<p>Le suspect, \u00e2g\u00e9 de 28 ans, avait plus d&rsquo;une raison de s&rsquo;enfuir, d\u00e9j\u00e0 connu des services de police, il faisait d&rsquo;ailleurs l&rsquo;objet d&rsquo;une fiche de recherche.<\/p>\n","protected":false},"excerpt":{"rendered":"Il \u00e9tait environ 3h du matin, dans la nuit du 3 au 4 ao\u00fbt 2025, lorsque, une fois&hellip;\n","protected":false},"author":2,"featured_media":295932,"comment_status":"","ping_status":"","sticky":false,"template":"","format":"standard","meta":{"footnotes":""},"categories":[2814],"tags":[17,1111,11,150,10268,43607,1777,674,274,1011,27,4933,9817,884,12,882,959,14728,25],"class_list":{"0":"post-295931","1":"post","2":"type-post","3":"status-publish","4":"format-standard","5":"has-post-thumbnail","7":"category-marseille","8":"tag-17","9":"tag-actu","10":"tag-actualites","11":"tag-apres","12":"tag-arme","13":"tag-dobtemperer","14":"tag-eu","15":"tag-europe","16":"tag-faits-divers-justice","17":"tag-fr","18":"tag-france","19":"tag-homme","20":"tag-interpelle","21":"tag-marseille","22":"tag-news","23":"tag-provence-alpes-cote-dazur","24":"tag-recherche","25":"tag-refus","26":"tag-republique-francaise"},"share_on_mastodon":{"url":"https:\/\/pubeurope.com\/@fr\/114971006990310831","error":""},"_links":{"self":[{"href":"https:\/\/www.europesays.com\/fr\/wp-json\/wp\/v2\/posts\/295931","targetHints":{"allow":["GET"]}}],"collection":[{"href":"https:\/\/www.europesays.com\/fr\/wp-json\/wp\/v2\/posts"}],"about":[{"href":"https:\/\/www.europesays.com\/fr\/wp-json\/wp\/v2\/types\/post"}],"author":[{"embeddable":true,"href":"https:\/\/www.europesays.com\/fr\/wp-json\/wp\/v2\/users\/2"}],"replies":[{"embeddable":true,"href":"https:\/\/www.europesays.com\/fr\/wp-json\/wp\/v2\/comments?post=295931"}],"version-history":[{"count":0,"href":"https:\/\/www.europesays.com\/fr\/wp-json\/wp\/v2\/posts\/295931\/revisions"}],"wp:featuredmedia":[{"embeddable":true,"href":"https:\/\/www.europesays.com\/fr\/wp-json\/wp\/v2\/media\/295932"}],"wp:attachment":[{"href":"https:\/\/www.europesays.com\/fr\/wp-json\/wp\/v2\/media?parent=295931"}],"wp:term":[{"taxonomy":"category","embeddable":true,"href":"https:\/\/www.europesays.com\/fr\/wp-json\/wp\/v2\/categories?post=295931"},{"taxonomy":"post_tag","embeddable":true,"href":"https:\/\/www.europesays.com\/fr\/wp-json\/wp\/v2\/tags?post=295931"}],"curies":[{"name":"wp","href":"https:\/\/api.w.org\/{rel}","templated":true}]}}