{"id":295941,"date":"2025-08-04T14:43:09","date_gmt":"2025-08-04T14:43:09","guid":{"rendered":"https:\/\/www.europesays.com\/fr\/295941\/"},"modified":"2025-08-04T14:43:09","modified_gmt":"2025-08-04T14:43:09","slug":"attables-dans-le-bar-dun-hotel-de-luxe-ils-se-font-braquer-et-depouiller","status":"publish","type":"post","link":"https:\/\/www.europesays.com\/fr\/295941\/","title":{"rendered":"attabl\u00e9s dans le bar d&rsquo;un h\u00f4tel de luxe, ils se font braquer et d\u00e9pouiller"},"content":{"rendered":"<p>            Par<br \/>\n        <strong><br \/>\n            <a href=\"https:\/\/actu.fr\/auteur\/antoine-blanchet\" title=\"Consulter tous les articles de Antoine Blanchet\" rel=\"nofollow noopener\" target=\"_blank\">Antoine Blanchet<\/a><br \/>\n        <\/strong><\/p>\n<p>        Publi\u00e9 le<\/p>\n<p>            4 ao\u00fbt 2025 \u00e0 16h08        <\/p>\n<p>Une attaque dans la tranquillit\u00e9 d\u2019un bar cosy. Dimanche 3\u00a0ao\u00fbt 2025, deux hommes<strong> ont \u00e9t\u00e9 victimes d\u2019un vol \u00e0 main arm\u00e9e<\/strong> dans un h\u00f4tel quatre \u00e9toiles \u00e0 <a href=\"https:\/\/actu.fr\/paris\/\" rel=\"nofollow noopener\" target=\"_blank\">Paris<\/a>, nous indique le parquet, confirmant une information du <a href=\"https:\/\/www.leparisien.fr\/paris-75\/paris-deux-clients-victimes-dun-vol-a-main-armee-dans-un-hotel-4-etoiles-04-08-2025-YFH5O4LMONE4VETBMSRGYPYO3U.php\" rel=\"nofollow noopener\" target=\"_blank\">Parisien<\/a>. Les malfaiteurs ont pris la tangente avec de multiples objets de luxe.<\/p>\n<p>Les auteurs ont pris la fuite<\/p>\n<p class=\" wall-content\">Les faits se sont produits non loin de la porte de Versailles. Les deux victimes, un p\u00e8re et son fils, sirotaient leurs consommations. Deux hommes ont alors surgi. L\u2019un deux <strong>\u00e9tait porteur d\u2019une arme<\/strong>, pr\u00e9cise Le Parisien. P\u00e8re et fils sont alors d\u00e9lest\u00e9s de leurs bijoux, montres et sacs de luxe.<\/p>\n<p class=\" wall-content\">Pourchass\u00e9s par la police, les auteurs du braquage sont parvenus \u00e0 s\u2019\u00e9chapper en passant par le m\u00e9tro. Une enqu\u00eate a \u00e9t\u00e9 ouverte et confi\u00e9e au <strong>commissariat du 15e arrondissement<\/strong>.<\/p>\n<p class=\" wall-content\">Suivez toute l\u2019actualit\u00e9 de vos villes et m\u00e9dias favoris en vous inscrivant \u00e0 <a href=\"https:\/\/moncompte.actu.fr\" title=\"D\u00e9couvez Mon Actu\" rel=\"nofollow noopener\" data-trk=\"{&quot;cta&quot;:{&quot;action&quot;:&quot;https:\\\/\\\/moncompte.actu.fr&quot;,&quot;category&quot;:&quot;mon compte&quot;,&quot;from&quot;:&quot;article footer&quot;,&quot;name&quot;:&quot;Mon actu&quot;,&quot;type&quot;:&quot;cta&quot;}}\" target=\"_blank\">Mon Actu<\/a>.<\/p>\n","protected":false},"excerpt":{"rendered":"Par Antoine Blanchet Publi\u00e9 le 4 ao\u00fbt 2025 \u00e0 16h08 Une attaque dans la tranquillit\u00e9 d\u2019un bar cosy.&hellip;\n","protected":false},"author":2,"featured_media":295942,"comment_status":"","ping_status":"","sticky":false,"template":"","format":"standard","meta":{"footnotes":""},"categories":[1888],"tags":[1111,1928,11,1927,1777,674,118,1011,27,12,1926,626,1925,1072,25],"class_list":{"0":"post-295941","1":"post","2":"type-post","3":"status-publish","4":"format-standard","5":"has-post-thumbnail","7":"category-paris","8":"tag-actu","9":"tag-actu-paris","10":"tag-actualites","11":"tag-actualites-paris","12":"tag-eu","13":"tag-europe","14":"tag-faits-divers","15":"tag-fr","16":"tag-france","17":"tag-news","18":"tag-news-paris","19":"tag-paris","20":"tag-paris-news","21":"tag-police","22":"tag-republique-francaise"},"share_on_mastodon":{"url":"https:\/\/pubeurope.com\/@fr\/114971030468838352","error":""},"_links":{"self":[{"href":"https:\/\/www.europesays.com\/fr\/wp-json\/wp\/v2\/posts\/295941","targetHints":{"allow":["GET"]}}],"collection":[{"href":"https:\/\/www.europesays.com\/fr\/wp-json\/wp\/v2\/posts"}],"about":[{"href":"https:\/\/www.europesays.com\/fr\/wp-json\/wp\/v2\/types\/post"}],"author":[{"embeddable":true,"href":"https:\/\/www.europesays.com\/fr\/wp-json\/wp\/v2\/users\/2"}],"replies":[{"embeddable":true,"href":"https:\/\/www.europesays.com\/fr\/wp-json\/wp\/v2\/comments?post=295941"}],"version-history":[{"count":0,"href":"https:\/\/www.europesays.com\/fr\/wp-json\/wp\/v2\/posts\/295941\/revisions"}],"wp:featuredmedia":[{"embeddable":true,"href":"https:\/\/www.europesays.com\/fr\/wp-json\/wp\/v2\/media\/295942"}],"wp:attachment":[{"href":"https:\/\/www.europesays.com\/fr\/wp-json\/wp\/v2\/media?parent=295941"}],"wp:term":[{"taxonomy":"category","embeddable":true,"href":"https:\/\/www.europesays.com\/fr\/wp-json\/wp\/v2\/categories?post=295941"},{"taxonomy":"post_tag","embeddable":true,"href":"https:\/\/www.europesays.com\/fr\/wp-json\/wp\/v2\/tags?post=295941"}],"curies":[{"name":"wp","href":"https:\/\/api.w.org\/{rel}","templated":true}]}}