{"id":295951,"date":"2025-08-04T14:49:11","date_gmt":"2025-08-04T14:49:11","guid":{"rendered":"https:\/\/www.europesays.com\/fr\/295951\/"},"modified":"2025-08-04T14:49:11","modified_gmt":"2025-08-04T14:49:11","slug":"comment-un-soldat-ukrainien-a-ete-sauve-par-un-velo-livre-par-drone","status":"publish","type":"post","link":"https:\/\/www.europesays.com\/fr\/295951\/","title":{"rendered":"comment un soldat ukrainien a \u00e9t\u00e9 sauv\u00e9 par un v\u00e9lo livr\u00e9 par drone"},"content":{"rendered":"<p class=\"article-p mdl\">Une \u00e9vacuation inventive sur le front nord, pr\u00e8s de la ville de Siversk. Alors qu&rsquo;un soldat ukrainien \u00e9tait bless\u00e9, coinc\u00e9 en zone ennemie et cern\u00e9 par les forces russes, ses camarades ont eu l&rsquo;id\u00e9e <strong>de lui livrer un v\u00e9lo \u00e9lectrique par drone<\/strong>.\u00a0<\/p>\n<p class=\"article-p mdl\">Lors de la premi\u00e8re livraison,\u00a0<a class=\"link\" href=\"https:\/\/www.rtl.fr\/actu\/international\/c-etait-un-veritable-enfer-le-temoignage-glacant-d-un-ancien-prisonnier-de-guerre-ukrainien-7900526887\" title=\"&quot;C&#039;\u00e9tait un v\u00e9ritable enfer&quot; : le t\u00e9moignage gla\u00e7ant d&#039;un ancien prisonnier de guerre ukrainien\" target=\"_blank\" rel=\"noopener\">les forces russes<\/a>\u00a0<strong>ont abattu le drone et le v\u00e9lo<\/strong>. \u00c0 la deuxi\u00e8me tentative, le drone s&rsquo;est \u00e9cras\u00e9. Puis, \u00e0 la troisi\u00e8me tentative, le v\u00e9lo, suspendu sous le drone et attach\u00e9 au bout de plusieurs c\u00e2bles, <strong>a atteint sa destination<\/strong>.<\/p>\n<p class=\"article-p mdl\">Nicolas, un soldat ukrainien qui a particip\u00e9 au sauvetage, a vu le militaire \u00ab\u00a0sortir de son abri\u00a0\u00bb <strong>pour \u00ab\u00a0attraper le v\u00e9lo\u00a0\u00bb<\/strong>. \u00ab\u00a0Il y avait quelque chose qui n&rsquo;allait pas et il a commenc\u00e9 \u00e0 s&rsquo;\u00e9nerver. On a compris que les c\u00e2bles s&rsquo;\u00e9taient emm\u00eal\u00e9s dans les roues, mais il n&rsquo;est pas b\u00eate, <strong>il s&rsquo;en est sorti<\/strong>\u00ab\u00a0, a-t-il racont\u00e9 \u00e0 RTL.<\/p>\n<p class=\"article-p mdl\">\u00ab\u00a0Cela m&rsquo;a pris un moment de retirer tous les c\u00e2bles coinc\u00e9s dans les roues. Je ne pouvais pas rouler comme \u00e7a, mais gr\u00e2ce \u00e0 Dieu, <strong>j&rsquo;y suis arriv\u00e9 et je suis parti<\/strong>\u00ab\u00a0, confie Andri, le militaire qui a \u00e9t\u00e9 secouru.<\/p>\n<p class=\"article-p mdl\">Malheureusement, Andri a heurt\u00e9 en chemin\u00a0<a class=\"link\" href=\"https:\/\/www.rtl.fr\/actu\/international\/pourquoi-six-pays-europeens-veulent-renoncer-a-interdire-les-mines-antipersonnel-7900523008\" target=\"_blank\" rel=\"noopener\">une mine <\/a>antipersonnel. Une des roues du v\u00e9lo s&rsquo;est d\u00e9tach\u00e9e, le soldat a chut\u00e9 et sa jambe d\u00e9j\u00e0 bless\u00e9e le faisait souffrir. Il s&rsquo;est ensuite tra\u00een\u00e9 jusqu&rsquo;\u00e0 un nouvel abri et a attendu la livraison <strong>d&rsquo;un quatri\u00e8me v\u00e9lo \u00e9lectrique<\/strong>.<\/p>\n<p class=\"article-p mdl\">La derni\u00e8re tentative \u00e9tait la bonne et il a r\u00e9ussi \u00e0 atteindre <strong>une zone tenue par les Ukrainiens<\/strong>.<\/p>\n<p>    La r\u00e9daction vous recommande<\/p>\n<p class=\"s-newsletter__title\">\n                L\u2019actualit\u00e9 par la r\u00e9daction de RTL dans votre bo\u00eete mail.\n            <\/p>\n<p class=\"s-newsletter__subtitle\">\n                Gr\u00e2ce \u00e0 votre compte RTL abonnez-vous \u00e0 la newsletter RTL info pour suivre toute l&rsquo;actualit\u00e9 au quotidien\n            <\/p>\n<p>\n                                    Lire la suite\n                                <\/p>\n","protected":false},"excerpt":{"rendered":"Une \u00e9vacuation inventive sur le front nord, pr\u00e8s de la ville de Siversk. Alors qu&rsquo;un soldat ukrainien \u00e9tait&hellip;\n","protected":false},"author":2,"featured_media":148453,"comment_status":"","ping_status":"","sticky":false,"template":"","format":"standard","meta":{"footnotes":""},"categories":[1590],"tags":[11,1777,674,107,131,12,362,132,220],"class_list":{"0":"post-295951","1":"post","2":"type-post","3":"status-publish","4":"format-standard","5":"has-post-thumbnail","7":"category-ukraine","8":"tag-actualites","9":"tag-eu","10":"tag-europe","11":"tag-fil-info","12":"tag-guerre-en-ukraine","13":"tag-news","14":"tag-replay","15":"tag-russie","16":"tag-ukraine"},"share_on_mastodon":{"url":"https:\/\/pubeurope.com\/@fr\/114971054206337538","error":""},"_links":{"self":[{"href":"https:\/\/www.europesays.com\/fr\/wp-json\/wp\/v2\/posts\/295951","targetHints":{"allow":["GET"]}}],"collection":[{"href":"https:\/\/www.europesays.com\/fr\/wp-json\/wp\/v2\/posts"}],"about":[{"href":"https:\/\/www.europesays.com\/fr\/wp-json\/wp\/v2\/types\/post"}],"author":[{"embeddable":true,"href":"https:\/\/www.europesays.com\/fr\/wp-json\/wp\/v2\/users\/2"}],"replies":[{"embeddable":true,"href":"https:\/\/www.europesays.com\/fr\/wp-json\/wp\/v2\/comments?post=295951"}],"version-history":[{"count":0,"href":"https:\/\/www.europesays.com\/fr\/wp-json\/wp\/v2\/posts\/295951\/revisions"}],"wp:featuredmedia":[{"embeddable":true,"href":"https:\/\/www.europesays.com\/fr\/wp-json\/wp\/v2\/media\/148453"}],"wp:attachment":[{"href":"https:\/\/www.europesays.com\/fr\/wp-json\/wp\/v2\/media?parent=295951"}],"wp:term":[{"taxonomy":"category","embeddable":true,"href":"https:\/\/www.europesays.com\/fr\/wp-json\/wp\/v2\/categories?post=295951"},{"taxonomy":"post_tag","embeddable":true,"href":"https:\/\/www.europesays.com\/fr\/wp-json\/wp\/v2\/tags?post=295951"}],"curies":[{"name":"wp","href":"https:\/\/api.w.org\/{rel}","templated":true}]}}