{"id":295956,"date":"2025-08-04T14:52:09","date_gmt":"2025-08-04T14:52:09","guid":{"rendered":"https:\/\/www.europesays.com\/fr\/295956\/"},"modified":"2025-08-04T14:52:09","modified_gmt":"2025-08-04T14:52:09","slug":"la-france-repousse-peniblement-lallemagne","status":"publish","type":"post","link":"https:\/\/www.europesays.com\/fr\/295956\/","title":{"rendered":"La France repousse p\u00e9niblement l&rsquo;Allemagne"},"content":{"rendered":"<p>Le d\u00e9marrage des Fran\u00e7aises a \u00e9t\u00e9 tr\u00e8s poussif. Pas attentives en d\u00e9fense, elles ont fait aussi preuve de maladresse en tous genres en attaque pour ne marquer qu&rsquo;un panier en 4&rsquo;40. Mais tout d&rsquo;un coup, elles ont trouv\u00e9 leurs marques en durcissant leur d\u00e9fense et le momentum s&rsquo;est totalement invers\u00e9. Les Allemandes ont perdu leur boussole et de 2-9, le score est pass\u00e9 \u00e0 15-13 puis \u00e0 33-13 \u00e0 la 23e minute \u00e0 la faveur d&rsquo;un terrible 27-0 !<\/p>\n<p>La vitesse des joueuses d&rsquo;Emmanuel Body faisait particuli\u00e8rement mal aux Allemandes, tout comme leur affligeante maladresse. A la mi-temps, la France totalisait presque deux fois plus de points que l&rsquo;Allemagne : 52-28.<\/p>\n<p>Les Bleuettes se sont ensuite compl\u00e8tement rel\u00e2ch\u00e9es et ont encaiss\u00e9 un 0-10 (55-38). De quoi redonner du moral aux Allemandes, qui avec la paire Joanna Scheu-Marianna Byvatov sont revenues un temps \u00e0 13 points (59-46). On n&rsquo;avait pas encore tout vu puisque une Allemagne conqu\u00e9rante construisant brique par brique son retour pour se retrouver \u00e0 -7 (69-62) puis \u00e0 -6 (73-67) \u00e0 1&rsquo;31 de la fin.<\/p>\n<p>Les Fran\u00e7aises ont fait le n\u00e9cessaire pour \u00e9viter une historique remontada germanique notamment gr\u00e2ce \u00e0 la toujours solide Marine Dursus (16 points, 9 rebonds et 3 passes), mais l&rsquo;Allemagne a remport\u00e9 la deuxi\u00e8me mi-temps 28-39 et heureusement que son adresse \u00e0 trois-points a \u00e9t\u00e9 longtemps d\u00e9faillante  (8\/41).<\/p>\n<p>La boxscore est <a href=\"https:\/\/www.fiba.basketball\/en\/events\/fiba-u20-womens-eurobasket-2025\/games\/125641-FRA-GER?ref=basketeurope.com#boxscore\" rel=\"noreferrer nofollow noopener\" target=\"_blank\">ICI<\/a>.<\/p>\n","protected":false},"excerpt":{"rendered":"Le d\u00e9marrage des Fran\u00e7aises a \u00e9t\u00e9 tr\u00e8s poussif. Pas attentives en d\u00e9fense, elles ont fait aussi preuve de&hellip;\n","protected":false},"author":2,"featured_media":295957,"comment_status":"","ping_status":"","sticky":false,"template":"","format":"standard","meta":{"footnotes":""},"categories":[1587],"tags":[11,672,1804,1805,1803,1777,674,1801,12,1802],"class_list":{"0":"post-295956","1":"post","2":"type-post","3":"status-publish","4":"format-standard","5":"has-post-thumbnail","7":"category-allemagne","8":"tag-actualites","9":"tag-allemagne","10":"tag-bundesrepublik-deutschland","11":"tag-de","12":"tag-deutschland","13":"tag-eu","14":"tag-europe","15":"tag-germany","16":"tag-news","17":"tag-republique-federale-dallemagne"},"share_on_mastodon":{"url":"https:\/\/pubeurope.com\/@fr\/114971066093863413","error":""},"_links":{"self":[{"href":"https:\/\/www.europesays.com\/fr\/wp-json\/wp\/v2\/posts\/295956","targetHints":{"allow":["GET"]}}],"collection":[{"href":"https:\/\/www.europesays.com\/fr\/wp-json\/wp\/v2\/posts"}],"about":[{"href":"https:\/\/www.europesays.com\/fr\/wp-json\/wp\/v2\/types\/post"}],"author":[{"embeddable":true,"href":"https:\/\/www.europesays.com\/fr\/wp-json\/wp\/v2\/users\/2"}],"replies":[{"embeddable":true,"href":"https:\/\/www.europesays.com\/fr\/wp-json\/wp\/v2\/comments?post=295956"}],"version-history":[{"count":0,"href":"https:\/\/www.europesays.com\/fr\/wp-json\/wp\/v2\/posts\/295956\/revisions"}],"wp:featuredmedia":[{"embeddable":true,"href":"https:\/\/www.europesays.com\/fr\/wp-json\/wp\/v2\/media\/295957"}],"wp:attachment":[{"href":"https:\/\/www.europesays.com\/fr\/wp-json\/wp\/v2\/media?parent=295956"}],"wp:term":[{"taxonomy":"category","embeddable":true,"href":"https:\/\/www.europesays.com\/fr\/wp-json\/wp\/v2\/categories?post=295956"},{"taxonomy":"post_tag","embeddable":true,"href":"https:\/\/www.europesays.com\/fr\/wp-json\/wp\/v2\/tags?post=295956"}],"curies":[{"name":"wp","href":"https:\/\/api.w.org\/{rel}","templated":true}]}}