{"id":295967,"date":"2025-08-04T15:00:11","date_gmt":"2025-08-04T15:00:11","guid":{"rendered":"https:\/\/www.europesays.com\/fr\/295967\/"},"modified":"2025-08-04T15:00:11","modified_gmt":"2025-08-04T15:00:11","slug":"stuart-lancaster-insiste-et-ne-digere-pas-moi-jetais-debout-a-cinq-heures-du-matin","status":"publish","type":"post","link":"https:\/\/www.europesays.com\/fr\/295967\/","title":{"rendered":"Stuart Lancaster insiste et ne dig\u00e8re pas : \u00ab\u00a0Moi j\u2019\u00e9tais debout \u00e0 cinq heures du matin\u00a0\u00bb"},"content":{"rendered":"<p>Quelques mois apr\u00e8s son d\u00e9part du Racing 92, Stuart Lancaster est revenu sans d\u00e9tour sur son passage en \u00cele-de-France. Dans le podcast Human Alchemy, l\u2019ancien manager n\u2019a pas cach\u00e9 sa frustration face \u00e0 l\u2019attitude de certains joueurs.<\/p>\n<p>Recrut\u00e9 avec ambition \u00e0 l\u2019\u00e9t\u00e9 2024 pour insuffler une nouvelle dynamique au Racing 92, Stuart Lancaster n\u2019aura finalement tenu qu\u2019un an et demi \u00e0 la t\u00eate du club francilien.<\/p>\n<p>Remerci\u00e9 en f\u00e9vrier 2025 apr\u00e8s une premi\u00e8re moiti\u00e9 de saison poussive, il a depuis rebondi en Irlande, au Connacht. Mais l\u2019Anglais n\u2019a pas oubli\u00e9 son passage dans les Hauts-de-Seine, ni les frustrations qui l\u2019ont accompagn\u00e9.<\/p>\n<p><strong>Invit\u00e9 du podcast Human Alchemy, Lancaster a \u00e9voqu\u00e9 sans langue de bois ce qui a frein\u00e9, selon lui, son projet au Racing. Extrait :<\/strong><\/p>\n<p>\u00ab Sans divulguer de noms, il y avait un groupe de joueurs, des mecs bien pay\u00e9s, qui viennent, pointent, repartent. Contents de jouer, contents de ne pas jouer \u00bb<\/p>\n<p><strong>Le technicien britannique n\u2019a pas remis en cause la qualit\u00e9 humaine de ses anciens joueurs, mais a regrett\u00e9 un manque criant d\u2019ambition chez certains. Extrait :<\/strong><\/p>\n<p>\u00ab \u00c7a me rendait dingue. Et \u00e7a a vraiment commenc\u00e9 \u00e0 me peser, alors que moi j\u2019\u00e9tais debout \u00e0 cinq heures du matin pour donner le meilleur. Il y avait un groupe de joueurs dans le m\u00eame \u00e9tat d\u2019esprit que moi, et un autre qui se contentait de ce qu\u2019il avait. Ce n\u2019\u00e9taient pas des fauteurs de troubles, de mauvais mecs \u2013 tous \u00e9taient de bons gars \u2013 mais ils n\u2019avaient pas cette envie de devenir les meilleurs possibles. \u00bb<\/p>\n<p>Remplac\u00e9 depuis par Patrice Collazo, Lancaster n\u2019aura pas r\u00e9ussi \u00e0 imprimer sa m\u00e9thode dans un club souvent tiraill\u00e9 entre ambitions sportives et \u00e9quilibres internes fragiles.<\/p>\n<p>Ses propos, tenus des mois apr\u00e8s son d\u00e9part, sonnent comme un avertissement pour ceux qui r\u00eaveraient de construire sans exigence collective forte.<\/p>\n","protected":false},"excerpt":{"rendered":"Quelques mois apr\u00e8s son d\u00e9part du Racing 92, Stuart Lancaster est revenu sans d\u00e9tour sur son passage en&hellip;\n","protected":false},"author":2,"featured_media":295968,"comment_status":"","ping_status":"","sticky":false,"template":"","format":"standard","meta":{"footnotes":""},"categories":[1416],"tags":[1011,27,479,1468,60],"class_list":{"0":"post-295967","1":"post","2":"type-post","3":"status-publish","4":"format-standard","5":"has-post-thumbnail","7":"category-rugby","8":"tag-fr","9":"tag-france","10":"tag-rugby","11":"tag-rugby-football","12":"tag-sports"},"share_on_mastodon":{"url":"https:\/\/pubeurope.com\/@fr\/114971097413211543","error":""},"_links":{"self":[{"href":"https:\/\/www.europesays.com\/fr\/wp-json\/wp\/v2\/posts\/295967","targetHints":{"allow":["GET"]}}],"collection":[{"href":"https:\/\/www.europesays.com\/fr\/wp-json\/wp\/v2\/posts"}],"about":[{"href":"https:\/\/www.europesays.com\/fr\/wp-json\/wp\/v2\/types\/post"}],"author":[{"embeddable":true,"href":"https:\/\/www.europesays.com\/fr\/wp-json\/wp\/v2\/users\/2"}],"replies":[{"embeddable":true,"href":"https:\/\/www.europesays.com\/fr\/wp-json\/wp\/v2\/comments?post=295967"}],"version-history":[{"count":0,"href":"https:\/\/www.europesays.com\/fr\/wp-json\/wp\/v2\/posts\/295967\/revisions"}],"wp:featuredmedia":[{"embeddable":true,"href":"https:\/\/www.europesays.com\/fr\/wp-json\/wp\/v2\/media\/295968"}],"wp:attachment":[{"href":"https:\/\/www.europesays.com\/fr\/wp-json\/wp\/v2\/media?parent=295967"}],"wp:term":[{"taxonomy":"category","embeddable":true,"href":"https:\/\/www.europesays.com\/fr\/wp-json\/wp\/v2\/categories?post=295967"},{"taxonomy":"post_tag","embeddable":true,"href":"https:\/\/www.europesays.com\/fr\/wp-json\/wp\/v2\/tags?post=295967"}],"curies":[{"name":"wp","href":"https:\/\/api.w.org\/{rel}","templated":true}]}}