{"id":295969,"date":"2025-08-04T15:01:11","date_gmt":"2025-08-04T15:01:11","guid":{"rendered":"https:\/\/www.europesays.com\/fr\/295969\/"},"modified":"2025-08-04T15:01:11","modified_gmt":"2025-08-04T15:01:11","slug":"atp-shelton-est-agace-ce-rythme-fait-baisser-le-niveau-de-jeu-on-en-parle-tous-dans-les-vestiaires","status":"publish","type":"post","link":"https:\/\/www.europesays.com\/fr\/295969\/","title":{"rendered":"ATP > Shelton est agac\u00e9: \u00ab Ce rythme fait baisser le niveau de jeu, on en parle tous dans les vestiaires \u00bb"},"content":{"rendered":"<p>Nombreux sont les joueurs \u00e0 avoir d\u00e9j\u00e0 pris la parole pour criti\u00adquer le format des Masters 1000\u202fen 12 jours. <a href=\"https:\/\/www.welovetennis.fr\/atp\/atp-toronto\/alexander-zverev-fait-passer-un-message-tres-clair-a-latp-honnetement-je-nai-pas-entendu-un-seul-joueur-dire-quil-aimait-les-masters-1000-sur-deux-semaines-je-ne-pense-meme-pas-que\" data-wpel-link=\"internal\" target=\"_blank\" rel=\"noopener\">Zverev a fait part de son m\u00e9con\u00adten\u00adte\u00adment tout r\u00e9cem\u00adment<\/a>, expli\u00adquant que ni les joueurs ni les fans n\u2019ap\u00adpr\u00e9\u00adciaient ce nouveau format.<\/p>\n<p>D\u00e9sormais, c\u2019est au tour de Ben Shelton de venir apporter son opinion, qui va logi\u00adque\u00adment dans le m\u00eame sens. L\u2019Am\u00e9ricain regrette avant tout le fait que le niveau de jeu global soit p\u00e9na\u00adlis\u00e9 par les jours de coupures \u00e0 r\u00e9p\u00e9\u00adti\u00adtion, qui ne permettent pas de cr\u00e9er un \u00e9lan de confiance.<\/p>\n<p><strong>\u00ab\u202fM\u00eame si mon tennis s\u2019adapte tr\u00e8s bien \u00e0 ces condi\u00adtions chaudes et humides, ne pas jouer dans un tel contexte toute l\u2019ann\u00e9e peut demander un long temps d\u2019adap\u00adta\u00adtion. La semaine derni\u00e8re, je suis all\u00e9 \u00e0 Washington pour l\u2019im\u00adpor\u00adtance de ce circuit, mais j\u2019\u00e9tais tr\u00e8s fatigu\u00e9 physi\u00adque\u00adment et menta\u00adle\u00adment. Je pensais qu\u2019en dispu\u00adtant quelques matchs, j\u2019en verrais les avan\u00adtages cette semaine, et c\u2019est ce qui s\u2019est pass\u00e9. C\u2019est diffi\u00adcile de parti\u00adciper \u00e0 des tour\u00adnois de deux semaines, car le jour entre les deux coupe le rythme. Cela fait baisser le niveau de jeu,\u00a0on en parle tous dans les vestiaires. En jouant deux ou trois jours de suite, on retrouve un rythme constant et une plus grande confiance en son\u00a0jeu\u202f\u00bb<\/strong><\/p>\n<p class=\"post-published-date\" style=\"color: silver; font-size: 75%; text-align: left;\">Publi\u00e9 le lundi 4 ao\u00fbt 2025 \u00e0 13:14<\/p>\n","protected":false},"excerpt":{"rendered":"Nombreux sont les joueurs \u00e0 avoir d\u00e9j\u00e0 pris la parole pour criti\u00adquer le format des Masters 1000\u202fen 12&hellip;\n","protected":false},"author":2,"featured_media":295970,"comment_status":"","ping_status":"","sticky":false,"template":"","format":"standard","meta":{"footnotes":""},"categories":[1415],"tags":[1011,27,28418,60,1467,4542],"class_list":{"0":"post-295969","1":"post","2":"type-post","3":"status-publish","4":"format-standard","5":"has-post-thumbnail","7":"category-tennis","8":"tag-fr","9":"tag-france","10":"tag-shelton","11":"tag-sports","12":"tag-tennis","13":"tag-zverev"},"share_on_mastodon":{"url":"https:\/\/pubeurope.com\/@fr\/114971101275931650","error":""},"_links":{"self":[{"href":"https:\/\/www.europesays.com\/fr\/wp-json\/wp\/v2\/posts\/295969","targetHints":{"allow":["GET"]}}],"collection":[{"href":"https:\/\/www.europesays.com\/fr\/wp-json\/wp\/v2\/posts"}],"about":[{"href":"https:\/\/www.europesays.com\/fr\/wp-json\/wp\/v2\/types\/post"}],"author":[{"embeddable":true,"href":"https:\/\/www.europesays.com\/fr\/wp-json\/wp\/v2\/users\/2"}],"replies":[{"embeddable":true,"href":"https:\/\/www.europesays.com\/fr\/wp-json\/wp\/v2\/comments?post=295969"}],"version-history":[{"count":0,"href":"https:\/\/www.europesays.com\/fr\/wp-json\/wp\/v2\/posts\/295969\/revisions"}],"wp:featuredmedia":[{"embeddable":true,"href":"https:\/\/www.europesays.com\/fr\/wp-json\/wp\/v2\/media\/295970"}],"wp:attachment":[{"href":"https:\/\/www.europesays.com\/fr\/wp-json\/wp\/v2\/media?parent=295969"}],"wp:term":[{"taxonomy":"category","embeddable":true,"href":"https:\/\/www.europesays.com\/fr\/wp-json\/wp\/v2\/categories?post=295969"},{"taxonomy":"post_tag","embeddable":true,"href":"https:\/\/www.europesays.com\/fr\/wp-json\/wp\/v2\/tags?post=295969"}],"curies":[{"name":"wp","href":"https:\/\/api.w.org\/{rel}","templated":true}]}}