{"id":295971,"date":"2025-08-04T15:03:15","date_gmt":"2025-08-04T15:03:15","guid":{"rendered":"https:\/\/www.europesays.com\/fr\/295971\/"},"modified":"2025-08-04T15:03:15","modified_gmt":"2025-08-04T15:03:15","slug":"la-revolution-silencieuse-qui-saccelere","status":"publish","type":"post","link":"https:\/\/www.europesays.com\/fr\/295971\/","title":{"rendered":"la r\u00e9volution silencieuse qui s\u2019acc\u00e9l\u00e8re"},"content":{"rendered":"<p xmlns=\"\" class=\"article_paragraphe\">Le secteur des transports, y compris les motos, est l\u2019un des principaux responsables des \u00e9missions de gaz \u00e0 effet de serre. Un seul v\u00e9hicule particulier peut rejeter plus de 4,5 tonnes de CO\u2082 par an \u2014 l\u2019\u00e9quivalent d\u2019un \u00e9l\u00e9phant adulte en gaz polluants. Face \u00e0 l\u2019urgence climatique, m\u00eame le monde du sport moto doit \u00e9voluer. Et le MotoGP n\u2019\u00e9chappe plus \u00e0 cette r\u00e9alit\u00e9.<\/p>\n<p xmlns=\"\" class=\"article_paragraphe\">Depuis 2024, le MotoGP a franchi un cap : toutes les motos utilisent du <strong>carburant E40<\/strong>, compos\u00e9 \u00e0 40 % de sources non fossiles. L\u2019objectif ? <strong>Atteindre le 100 % non fossile (E100) d\u2019ici 2027<\/strong>. Pour y parvenir, les constructeurs comme <strong>Ducati, Yamaha<\/strong> ou <strong>KTM<\/strong> repensent en profondeur leurs moteurs pour conserver performance et fiabilit\u00e9 tout en r\u00e9duisant leur empreinte carbone.<\/p>\n<p xmlns=\"\" class=\"article_paragraphe\">La chasse au poids reste une priorit\u00e9 en comp\u00e9tition. Mais aujourd\u2019hui, les mat\u00e9riaux utilis\u00e9s doivent aussi \u00eatre durables. Les <strong>fibres de carbone<\/strong> laissent peu \u00e0 peu place \u00e0 des <strong>alliages recyclables et \u00e0 des biocomposites<\/strong>, aussi solides que respectueux de l\u2019environnement. Une mani\u00e8re de concilier performance et conscience \u00e9cologique.<\/p>\n<p><img decoding=\"async\" loading=\"lazy\" alt=\"MotoGP et d\u00e9veloppement durable : la r\u00e9volution silencieuse qui s\u2019acc\u00e9l\u00e8re\" width=\"680\" height=\"453\" src=\"https:\/\/www.europesays.com\/fr\/wp-content\/uploads\/2025\/08\/S1-motogp-et-developpement-durable-la-revolution-silencieuse-qui-s-accelere-850526.jpg\"\/><\/p>\n<p><strong>Une mobilisation collective, mais des d\u00e9fis \u00e0 relever<\/strong><\/p>\n<p xmlns=\"\" class=\"article_paragraphe\">Depuis 2019, la Coupe du Monde <a class=\"article_lien\" onclick=\"return xt_click(this, &#039;C&#039;,xtn2,id_context+&#039;::&#039;+id_page+&#039;::CoeurArticle_Lien_XTC&#039;, &#039;N&#039;);\" href=\"https:\/\/www.caradisiac.com\/actualite--moto\/\" rel=\"nofollow noopener\" target=\"_blank\">MotoE<\/a>\u00a0est devenue une vitrine de l\u2019innovation \u00e9lectrique. 100 % silencieuses, ces motos offrent une nouvelle exp\u00e9rience de course et apportent des donn\u00e9es pr\u00e9cieuses sur la gestion thermique et la transmission \u00e9lectrique. Si elles ne peuvent pas encore rivaliser avec les machines thermiques en autonomie ou en ravitaillement, elles incarnent un futur possible\u2026 voire in\u00e9vitable.<\/p>\n<p xmlns=\"\" class=\"article_paragraphe\">Les organisateurs, \u00e0 commencer par <a class=\"article_lien\" onclick=\"return xt_click(this, &#039;C&#039;,xtn2,id_context+&#039;::&#039;+id_page+&#039;::CoeurArticle_Lien_XTC&#039;, &#039;N&#039;);\" href=\"https:\/\/www.caradisiac.com\/theme-moto--moto-gp\/\" rel=\"nofollow noopener\" target=\"_blank\">Dorna Sports<\/a>, ne sont pas seuls dans cette transition. Les constructeurs prennent les devants : <a class=\"article_lien\" onclick=\"return xt_click(this, &#039;C&#039;,xtn2,id_context+&#039;::&#039;+id_page+&#039;::CoeurArticle_Lien_XTC&#039;, &#039;N&#039;);\" href=\"https:\/\/www.caradisiac.com\/marque-moto--ktm\/\" rel=\"nofollow noopener\" target=\"_blank\">KTM<\/a> mise sur l\u2019\u00e9coconception, <a class=\"article_lien\" onclick=\"return xt_click(this, &#039;C&#039;,xtn2,id_context+&#039;::&#039;+id_page+&#039;::CoeurArticle_Lien_XTC&#039;, &#039;N&#039;);\" href=\"https:\/\/www.caradisiac.com\/marque-moto--yamaha\/\" rel=\"nofollow noopener\" target=\"_blank\">Yamaha<\/a> sur le recyclage, <a class=\"article_lien\" onclick=\"return xt_click(this, &#039;C&#039;,xtn2,id_context+&#039;::&#039;+id_page+&#039;::CoeurArticle_Lien_XTC&#039;, &#039;N&#039;);\" href=\"https:\/\/www.caradisiac.com\/marque-moto--ducati\/\" rel=\"nofollow noopener\" target=\"_blank\">Ducati<\/a>\u00a0sur les biocarburants de pointe. Mais le chemin n\u2019est pas sans emb\u00fbches : les co\u00fbts de d\u00e9veloppement, le manque de standardisation des biocarburants ou la r\u00e9sistance des puristes compliquent l\u2019\u00e9volution.<\/p>\n<p xmlns=\"\" class=\"article_paragraphe\">La transition vers un <strong class=\"article_bold\">MotoGP<\/strong> plus durable n\u2019a pas boulevers\u00e9 l\u2019apparence du paddock. Les stands, les arr\u00eats aux stands, les strat\u00e9gies \u2014 tout semble inchang\u00e9. Et pourtant, en coulisses, la r\u00e9volution est en marche. Moins de carbone, plus de recyclage, un engagement croissant de toutes les parties prenantes : le MotoGP pr\u00e9pare son avenir sans faire de bruit. Et c\u2019est peut-\u00eatre cette discr\u00e9tion qui en fait la force.<\/p>\n<p><a class=\"imageClic\" href=\"https:\/\/images.caradisiac.com\/images\/7\/0\/2\/5\/217025\/S0-motogp-et-developpement-durable-la-revolution-silencieuse-qui-s-accelere-850527.jpg\" data-target=\"#clicImage\" data-toggle=\"modal\" data-linkbigimage=\"https:\/\/images.caradisiac.com\/images\/7\/0\/2\/5\/217025\/S8-motogp-et-developpement-durable-la-revolution-silencieuse-qui-s-accelere-850527.jpg\" data-linkfullimage=\"https:\/\/images.caradisiac.com\/images\/7\/0\/2\/5\/217025\/S0-motogp-et-developpement-durable-la-revolution-silencieuse-qui-s-accelere-850527.jpg\" data-titleimage=\"MotoGP et d\u00e9veloppement durable : la r\u00e9volution silencieuse qui s\u2019acc\u00e9l\u00e8re\" rel=\"nofollow noopener\" target=\"_blank\"><img decoding=\"async\" loading=\"lazy\" alt=\"MotoGP et d\u00e9veloppement durable : la r\u00e9volution silencieuse qui s\u2019acc\u00e9l\u00e8re\" width=\"705\" height=\"470\" src=\"https:\/\/www.europesays.com\/fr\/wp-content\/uploads\/2025\/08\/S1-motogp-et-developpement-durable-la-revolution-silencieuse-qui-s-accelere-850527.jpg\"\/><\/a><\/p>\n","protected":false},"excerpt":{"rendered":"Le secteur des transports, y compris les motos, est l\u2019un des principaux responsables des \u00e9missions de gaz \u00e0&hellip;\n","protected":false},"author":2,"featured_media":295972,"comment_status":"","ping_status":"","sticky":false,"template":"","format":"standard","meta":{"footnotes":""},"categories":[1413],"tags":[1011,27,1457,1456,60],"class_list":{"0":"post-295971","1":"post","2":"type-post","3":"status-publish","4":"format-standard","5":"has-post-thumbnail","7":"category-moto","8":"tag-fr","9":"tag-france","10":"tag-moto","11":"tag-motocycle","12":"tag-sports"},"share_on_mastodon":{"url":"https:\/\/pubeurope.com\/@fr\/114971109319249103","error":""},"_links":{"self":[{"href":"https:\/\/www.europesays.com\/fr\/wp-json\/wp\/v2\/posts\/295971","targetHints":{"allow":["GET"]}}],"collection":[{"href":"https:\/\/www.europesays.com\/fr\/wp-json\/wp\/v2\/posts"}],"about":[{"href":"https:\/\/www.europesays.com\/fr\/wp-json\/wp\/v2\/types\/post"}],"author":[{"embeddable":true,"href":"https:\/\/www.europesays.com\/fr\/wp-json\/wp\/v2\/users\/2"}],"replies":[{"embeddable":true,"href":"https:\/\/www.europesays.com\/fr\/wp-json\/wp\/v2\/comments?post=295971"}],"version-history":[{"count":0,"href":"https:\/\/www.europesays.com\/fr\/wp-json\/wp\/v2\/posts\/295971\/revisions"}],"wp:featuredmedia":[{"embeddable":true,"href":"https:\/\/www.europesays.com\/fr\/wp-json\/wp\/v2\/media\/295972"}],"wp:attachment":[{"href":"https:\/\/www.europesays.com\/fr\/wp-json\/wp\/v2\/media?parent=295971"}],"wp:term":[{"taxonomy":"category","embeddable":true,"href":"https:\/\/www.europesays.com\/fr\/wp-json\/wp\/v2\/categories?post=295971"},{"taxonomy":"post_tag","embeddable":true,"href":"https:\/\/www.europesays.com\/fr\/wp-json\/wp\/v2\/tags?post=295971"}],"curies":[{"name":"wp","href":"https:\/\/api.w.org\/{rel}","templated":true}]}}