{"id":295979,"date":"2025-08-04T15:07:10","date_gmt":"2025-08-04T15:07:10","guid":{"rendered":"https:\/\/www.europesays.com\/fr\/295979\/"},"modified":"2025-08-04T15:07:10","modified_gmt":"2025-08-04T15:07:10","slug":"yves-calvi-il-tient-sa-revanche-apres-avoir-ete-vire-de-rtl","status":"publish","type":"post","link":"https:\/\/www.europesays.com\/fr\/295979\/","title":{"rendered":"Yves Calvi : il tient sa revanche apr\u00e8s avoir \u00e9t\u00e9 vir\u00e9 de RTL"},"content":{"rendered":"<p>EN BREF<\/p>\n<ul class=\"bloc_resume_post_list\">\n<li>Le 4 juillet, Yves Calvi a pr\u00e9sent\u00e9 RTL Soir pour la<br \/>\nderni\u00e8re fois, remplac\u00e9 par Anne-Sophie Lapix \u00e0 la<br \/>\nrentr\u00e9e.<\/li>\n<li>Apr\u00e8s son \u00e9viction de RTL, Yves Calvi revient sur LCI<br \/>\npour animer le cr\u00e9neau 18h-20h chaque vendredi et<br \/>\nsamedi.<\/li>\n<li>Un retour sur LCI qui marque une revanche pour Yves Calvi<br \/>\napr\u00e8s une s\u00e9rie de d\u00e9parts forc\u00e9s et de blessures<br \/>\nprofessionnelles.<\/li>\n<\/ul>\n<p class=\"p1\">La fin d\u00a0\u00bbune \u00e9poque. Le vendredi 4 juillet dernier,<br \/>\n<a href=\"https:\/\/www.telestar.fr\/actu_tv\/coup-de-tonnerre-sur-rtl-evince-au-profit-danne-sophie-lapix-yves-calvi-claque-la-porte-1730117\" rel=\"nofollow noopener\" target=\"_blank\"><br \/>\nYves Calvi<\/a> <strong>pr\u00e9sentait RTL Soir une derni\u00e8re<br \/>\nfois<\/strong> aux c\u00f4t\u00e9s d&rsquo;Agn\u00e8s Bonfillon. La station se passera de<br \/>\nses services \u00e0 la rentr\u00e9e. <strong>La tranche horaire de 18 \u00e0 20<br \/>\nheures<\/strong> qui lui \u00e9tait d\u00e9volue sera d\u00e9sormais<br \/>\n<strong>occup\u00e9e<\/strong> par <strong>Anne-Sophie Lapix<\/strong>,<br \/>\nquant \u00e0 elle \u00e9vinc\u00e9e du journal t\u00e9l\u00e9vis\u00e9 du soir sur France 2.<\/p>\n<p class=\"p1\">Ce d\u00e9part forc\u00e9 a un go\u00fbt amer pour le journaliste. A<br \/>\nl&rsquo;\u00e9t\u00e9 2024, <a href=\"https:\/\/www.telestar.fr\/actu_tv\/rtl-fait-une-belle-prise-pour-la-rentree-retour-aux-sources-pour-un-tres-celebre-journaliste-1723206\" rel=\"nofollow noopener\" target=\"_blank\"><br \/>\nRTL<\/a> lui avait retir\u00e9 la pr\u00e9sentation de sa matinale. \u00ab\u00a0Dans<br \/>\nce m\u00e9tier, <strong>rien n\u2019est acquis<\/strong> et<br \/>\non ne peut pas se reposer sur ses habitudes. J\u2019\u00e9volue dans ce<br \/>\nmilieu depuis 35 ans. Je ne peux pas faire semblant de ne pas le<br \/>\nconna\u00eetre. J\u2019ai remplac\u00e9 plein de gens dans ma vie. J\u2019ai compris<br \/>\naussi qu\u2019i<strong>l faut parfois qu\u2019on prenne des<br \/>\nd\u00e9cisions pour vous<\/strong>\u00ab\u00a0, confiait-il alors au<br \/>\nFigaro.<\/p>\n<p>Yves Calvi\u00a0 : sa revanche apr\u00e8s son<br \/>\n\u00e9viction de RTL<\/p>\n<p class=\"p1\">Yves Calvi, le retour. D&rsquo;apr\u00e8s nos confr\u00e8res de<br \/>\nPurem\u00e9dias, Yves Calvi s&rsquo;appr\u00eate \u00e0 faire son grand retour<br \/>\n\u00e0 la t\u00e9l\u00e9vision. Un an apr\u00e8s avoir \u00e9t\u00e9 cong\u00e9di\u00e9 par BFM TV, on le<br \/>\nretrouvera <strong>sur la cha\u00eene LCI<\/strong>. <a href=\"https:\/\/www.telestar.fr\/people\/yves-calvi-qui-est-son-pere-celebre-compositeur-811519\" rel=\"nofollow noopener\" target=\"_blank\"><br \/>\nLe fils du compositeur G\u00e9rard Calvi<\/a> prendra les commandes du<br \/>\n<strong>18h\/20h chaque vendredi et samedi \u00e0 la place de<\/strong><br \/>\n<a href=\"https:\/\/www.telestar.fr\/actu-tv\/autres-emissions\/agace-par-le-journaliste-david-doukhan-jean-luc-melenchon-lui-ordonne-de-se-tai-363319\" rel=\"nofollow noopener\" target=\"_blank\"><br \/>\nDavid Doukhan<\/a> qui, lui, passera en semaine.<\/p>\n<p class=\"p1\">Pour rappel, le sp\u00e9cialiste de l&rsquo;info avait fait<br \/>\n<strong>un bref passage<\/strong> <a href=\"https:\/\/www.telestar.fr\/actu-tv\/yves-calvi-quitte-france5-pour-lci-photos-208089\" rel=\"nofollow noopener\" target=\"_blank\"><br \/>\nsur LCI<\/a> <strong>de 1994 \u00e0 1996<\/strong> avant d&rsquo;y revenir<br \/>\n<strong>une dizaine d&rsquo;ann\u00e9es<\/strong> plus tard pour pr\u00e9senter<br \/>\n<strong>24 heures en questio<\/strong>n. Malgr\u00e9 son succ\u00e8s<br \/>\nd&rsquo;audience, la quotidienne n&rsquo;avait dur\u00e9 qu&rsquo;une saison et Yves Calvi<br \/>\navait <strong>pris son envol pour Canal+<\/strong>. <strong>Une<br \/>\nbelle revanche<\/strong> apr\u00e8s une s\u00e9rie de d\u00e9boires.<\/p>\n<p>Yves Calvi\u00a0 : \u00ab\u00a0J&rsquo;ai \u00e9t\u00e9 bless\u00e9\u00a0\u00bb<\/p>\n<p class=\"p1\"><a href=\"https:\/\/www.telestar.fr\/actu_tv\/yves-calvi-remplace-par-thomas-sotto-a-la-matinale-de-rtl-il-prend-une-decision-de-taille-1685037\" rel=\"nofollow noopener\" target=\"_blank\"><br \/>\nRemplac\u00e9 par Thomas Sotto<\/a> l&rsquo;an dernier sur RTL, Yves Calvi a<br \/>\ntr\u00e8s mal v\u00e9cu le comportement de la radio \u00e0 son \u00e9gard. \u00ab\u00a0Je vous<br \/>\navoue tr\u00e8s franchement, <strong>j&rsquo;ai \u00e9t\u00e9<br \/>\nbless\u00e9<\/strong>, s&rsquo;\u00e9tait-il ouvert au Figaro. Je<br \/>\nme plaisais \u00e0 la matinale, <strong>j&rsquo;aimais beaucoup<br \/>\nl&rsquo;\u00e9quipe<\/strong>, du r\u00e9alisateur au pr\u00e9parateur de<br \/>\nl&rsquo;\u00e9mission. Et puis, il y a un charme particulier quand vous<br \/>\narrivez t\u00f4t le matin.\u00a0\u00bb<\/p>\n<p class=\"p1\">La blessure a laiss\u00e9 des traces. \u00ab\u00a0<strong>J\u2019ai<br \/>\ntrouv\u00e9 \u00e7a violent<\/strong>. D\u2019autant plus qu\u2019au m\u00eame<br \/>\nmoment, BFM s\u2019est arr\u00eat\u00e9. Donc \u00e7a faisait beaucoup pour mon<br \/>\n\u00e9t\u00e9.\u00a0\u00bb Et de balancer, encore sous le choc : \u00a0\u00bb\u00a0C&rsquo;est<br \/>\nun truc que j&rsquo;ai trouv\u00e9 brutal.\u00a0Mais j&rsquo;ai \u00e9t\u00e9 plus choqu\u00e9 par<br \/>\nles conditions d&rsquo;arr\u00eat sur BFM. Je n\u2019ai pas eu d\u2019explication<br \/>\ns\u00e9rieuse qui m\u2019a \u00e9t\u00e9 donn\u00e9e\u2026\u00a0\u00bb<\/p>\n","protected":false},"excerpt":{"rendered":"EN BREF Le 4 juillet, Yves Calvi a pr\u00e9sent\u00e9 RTL Soir pour la derni\u00e8re fois, remplac\u00e9 par Anne-Sophie&hellip;\n","protected":false},"author":2,"featured_media":295980,"comment_status":"","ping_status":"","sticky":false,"template":"","format":"standard","meta":{"footnotes":""},"categories":[1359],"tags":[548,58,59,1011,27,973,2700],"class_list":{"0":"post-295979","1":"post","2":"type-post","3":"status-publish","4":"format-standard","5":"has-post-thumbnail","7":"category-people","8":"tag-article-simple","9":"tag-divertissement","10":"tag-entertainment","11":"tag-fr","12":"tag-france","13":"tag-people","14":"tag-rtl"},"share_on_mastodon":{"url":"https:\/\/pubeurope.com\/@fr\/114971125010160512","error":""},"_links":{"self":[{"href":"https:\/\/www.europesays.com\/fr\/wp-json\/wp\/v2\/posts\/295979","targetHints":{"allow":["GET"]}}],"collection":[{"href":"https:\/\/www.europesays.com\/fr\/wp-json\/wp\/v2\/posts"}],"about":[{"href":"https:\/\/www.europesays.com\/fr\/wp-json\/wp\/v2\/types\/post"}],"author":[{"embeddable":true,"href":"https:\/\/www.europesays.com\/fr\/wp-json\/wp\/v2\/users\/2"}],"replies":[{"embeddable":true,"href":"https:\/\/www.europesays.com\/fr\/wp-json\/wp\/v2\/comments?post=295979"}],"version-history":[{"count":0,"href":"https:\/\/www.europesays.com\/fr\/wp-json\/wp\/v2\/posts\/295979\/revisions"}],"wp:featuredmedia":[{"embeddable":true,"href":"https:\/\/www.europesays.com\/fr\/wp-json\/wp\/v2\/media\/295980"}],"wp:attachment":[{"href":"https:\/\/www.europesays.com\/fr\/wp-json\/wp\/v2\/media?parent=295979"}],"wp:term":[{"taxonomy":"category","embeddable":true,"href":"https:\/\/www.europesays.com\/fr\/wp-json\/wp\/v2\/categories?post=295979"},{"taxonomy":"post_tag","embeddable":true,"href":"https:\/\/www.europesays.com\/fr\/wp-json\/wp\/v2\/tags?post=295979"}],"curies":[{"name":"wp","href":"https:\/\/api.w.org\/{rel}","templated":true}]}}