{"id":295983,"date":"2025-08-04T15:09:11","date_gmt":"2025-08-04T15:09:11","guid":{"rendered":"https:\/\/www.europesays.com\/fr\/295983\/"},"modified":"2025-08-04T15:09:11","modified_gmt":"2025-08-04T15:09:11","slug":"un-nouveau-repere-pour-les-passionnes-de-romance-et-fantastique","status":"publish","type":"post","link":"https:\/\/www.europesays.com\/fr\/295983\/","title":{"rendered":"un nouveau rep\u00e8re pour les passionn\u00e9s de romance et fantastique"},"content":{"rendered":"<p>Presque deux ans auront \u00e9t\u00e9 n\u00e9cessaires pour qu\u2019\u00c9milie Bordeau, 42 ans, installe la librairie Les Dryades R\u00eaveuses au 41, rue des Godrans, \u00e0 Dijon, une librairie sp\u00e9cialis\u00e9e dans la romance et l\u2019imaginaire. Ce projet, qu\u2019elle a d\u00e9marr\u00e9 en 2023 apr\u00e8s avoir red\u00e9couvert la lecture, a pris forme apr\u00e8s une formation en octobre\u00a02023 et l\u2019\u00e9laboration d\u2019un business plan.<\/p>\n<p>Lors d\u2019un stage en 2024, elle rencontre Annabelle Monin, 26 ans, dipl\u00f4m\u00e9e d\u2019un master des m\u00e9tiers du livre \u00e0 l\u2019universit\u00e9 de Dijon, qui l\u2019accompagne d\u00e9sormais dans cette aventure. \u00ab\u00a0Annabelle m\u2019apporte le savoir dans le domaine que je n\u2019ai pas\u00a0\u00bb, pr\u00e9cise Emilie, qui travaillait auparavant dans la logistique.<\/p>\n<p>  Une s\u00e9ance de d\u00e9dicaces mi-septembre<\/p>\n<p>Avec un investissement personnel de 35\u00a0000\u00a0\u20ac, \u00c9milie, entour\u00e9e d\u2019Annabelle, a pu ouvrir les portes de sa librairie le 15\u00a0juillet. Bien que le d\u00e9but ait \u00e9t\u00e9 progressif, elles consid\u00e8rent leur projet comme un succ\u00e8s, enregistrant aujourd\u2019hui un chiffre d\u2019affaires de 1\u00a0000\u00a0\u20ac par jour.<\/p>\n<p>Leur objectif est d\u00e9sormais de fid\u00e9liser cette client\u00e8le, avec des \u00e9v\u00e9nements comme des d\u00e9dicaces, \u00e0 l\u2019image de celle de l\u2019ancienne Dijonnaise Mar\u00eava Mae, pr\u00e9vue pour le 13\u00a0septembre. Elles projettent \u00e9galement la mise en place d\u2019un club de lecture et d\u2019ateliers d\u2019\u00e9criture.<\/p>\n<p>   \u00ab \u00a0Ce n\u2019est pas un genre pour les enfants \u00bb <\/p>\n<p>La librairie se distingue par sa sp\u00e9cialit\u00e9 dans la romance et l\u2019imaginaire. \u00ab\u00a0On s\u2019est fait d\u00e9valiser en romantasy\u00a0\u00bb, explique Annabelle, \u00e9voquant un genre m\u00ealant romance et fantastique. Leur public cible est principalement constitu\u00e9 de jeunes adultes\u00a0: \u00ab\u00a0Ce n\u2019est pas un genre pour les enfants\u00a0\u00bb. Les ouvrages sont s\u00e9lectionn\u00e9s par Annabelle, qui met en avant des classiques des deux genres, des titres populaires sur les r\u00e9seaux sociaux ainsi que les meilleures ventes. Si c\u2019est Le Seigneur des anneaux qui a suscit\u00e9 leur passion commune pour ce type de litt\u00e9rature, elles recommandent aussi des ouvrages moins connus comme Peau d\u2019\u00e2me , d\u2019Aude Ziegelmeyer, ou A ssistant to the villain , d\u2019Hannah Nicole Maehrer.<\/p>\n","protected":false},"excerpt":{"rendered":"Presque deux ans auront \u00e9t\u00e9 n\u00e9cessaires pour qu\u2019\u00c9milie Bordeau, 42 ans, installe la librairie Les Dryades R\u00eaveuses au&hellip;\n","protected":false},"author":2,"featured_media":295984,"comment_status":"","ping_status":"","sticky":false,"template":"","format":"standard","meta":{"footnotes":""},"categories":[1357],"tags":[1379,4406,1687,2930,8587,58,33,8588,59,107,1011,27,1380,2410],"class_list":{"0":"post-295983","1":"post","2":"type-post","3":"status-publish","4":"format-standard","5":"has-post-thumbnail","7":"category-livres","8":"tag-books","9":"tag-commerce-et-services","10":"tag-culture-loisirs","11":"tag-dijon","12":"tag-dijon-ville","13":"tag-divertissement","14":"tag-economie","15":"tag-edition-dijon-et-son-agglomeration","16":"tag-entertainment","17":"tag-fil-info","18":"tag-fr","19":"tag-france","20":"tag-livres","21":"tag-livres-bd"},"share_on_mastodon":{"url":"https:\/\/pubeurope.com\/@fr\/114971132759853996","error":""},"_links":{"self":[{"href":"https:\/\/www.europesays.com\/fr\/wp-json\/wp\/v2\/posts\/295983","targetHints":{"allow":["GET"]}}],"collection":[{"href":"https:\/\/www.europesays.com\/fr\/wp-json\/wp\/v2\/posts"}],"about":[{"href":"https:\/\/www.europesays.com\/fr\/wp-json\/wp\/v2\/types\/post"}],"author":[{"embeddable":true,"href":"https:\/\/www.europesays.com\/fr\/wp-json\/wp\/v2\/users\/2"}],"replies":[{"embeddable":true,"href":"https:\/\/www.europesays.com\/fr\/wp-json\/wp\/v2\/comments?post=295983"}],"version-history":[{"count":0,"href":"https:\/\/www.europesays.com\/fr\/wp-json\/wp\/v2\/posts\/295983\/revisions"}],"wp:featuredmedia":[{"embeddable":true,"href":"https:\/\/www.europesays.com\/fr\/wp-json\/wp\/v2\/media\/295984"}],"wp:attachment":[{"href":"https:\/\/www.europesays.com\/fr\/wp-json\/wp\/v2\/media?parent=295983"}],"wp:term":[{"taxonomy":"category","embeddable":true,"href":"https:\/\/www.europesays.com\/fr\/wp-json\/wp\/v2\/categories?post=295983"},{"taxonomy":"post_tag","embeddable":true,"href":"https:\/\/www.europesays.com\/fr\/wp-json\/wp\/v2\/tags?post=295983"}],"curies":[{"name":"wp","href":"https:\/\/api.w.org\/{rel}","templated":true}]}}