{"id":295985,"date":"2025-08-04T15:10:10","date_gmt":"2025-08-04T15:10:10","guid":{"rendered":"https:\/\/www.europesays.com\/fr\/295985\/"},"modified":"2025-08-04T15:10:10","modified_gmt":"2025-08-04T15:10:10","slug":"historique-en-juillet-la-percee-de-cnews-qui-se-retrouve-a-egalite-avec-france-5-passe-devant-arte-et-reste-devant-bfm-tv-en-baisse-france-info-poursuit-sa-chute-malgre-sa-nouvelle-numerotation","status":"publish","type":"post","link":"https:\/\/www.europesays.com\/fr\/295985\/","title":{"rendered":"Historique en juillet : La perc\u00e9e de CNews qui se retrouve \u00e0 \u00e9galit\u00e9 avec France 5, passe devant ARTE et reste devant BFM TV en baisse &#8211; France Info poursuit sa chute malgr\u00e9 sa nouvelle num\u00e9rotation&#8230;"},"content":{"rendered":"<p>C&rsquo;est un record historique sur lequel les autres m\u00e9dias resteront forc\u00e9ment discrets, car les bilans d&rsquo;audiences viennent de tomber pour le mois de juillet, et jamais CNews n&rsquo;a \u00e9t\u00e9 aussi puissante en juillet dans l&rsquo;histoire de la cha\u00eene. Plus fort encore, CNews se paye le luxe de se retrouver \u00e0 \u00e9galit\u00e9 avec la cha\u00eene publique France 5 et de d\u00e9passer ARTE et bien s\u00fbr les autres cha\u00eenes infos que sont BFM TV, LCI et surtout France Info qui chute encore \u00e0 0,9% contre 1%, il y a un an, malgr\u00e9 un changement de num\u00e9rotation qui aurait du lui \u00eatre profitable.<\/p>\n<p>Quand \u00e0 BFM TV, malgr\u00e9 les changements d\u00e9j\u00e0 apport\u00e9s, la chute se poursuit \u00e9galement puisque la cha\u00eene info qui \u00e9tait en juillet 2024 \u00e0 3,4% est en tr\u00e8s net recul et se retrouve \u00e0 2,7%.<\/p>\n<p>CNews est donc aujourd&rsquo;hui la 5e cha\u00eene de France, juste derri\u00e8re M6 et la premi\u00e8re cha\u00eene de la TNT, puisque CNews est \u00e9galement devant les cha\u00eenes TNT \u00e0 gros budgets que sont TMC ou W9 par exemple.<\/p>\n<p>.<\/p>\n<p style=\"text-align: center;\"><strong>1. TF1 : 18,7%<\/strong><\/p>\n<p style=\"text-align: center;\"><strong>2.FRANCE 2 : 18,1% <\/strong><\/p>\n<p style=\"text-align: center;\"><strong>3. FRANCE 3 : 10,6% <\/strong><\/p>\n<p style=\"text-align: center;\"><strong>4. M6 : 6,9% <\/strong><\/p>\n<p style=\"text-align: center;\"><strong>5. CNEWS : 3,1% <\/strong><\/p>\n<p style=\"text-align: center;\"><strong>6. FRANCE 5 : 3,1% <\/strong><\/p>\n<p style=\"text-align: center;\"><strong>7. ARTE : 3% <\/strong><\/p>\n<p style=\"text-align: center;\"><strong>8. BFMTV : 2,7%<\/strong><\/p>\n<p style=\"text-align: center;\"><strong>9.TMC: 2,3%<\/strong><\/p>\n<p style=\"text-align: center;\"><strong>10.W9 : 2%<\/strong><\/p>\n<p style=\"text-align: center;\"><strong>11.TFX : 2%<\/strong><\/p>\n<p style=\"text-align: center;\"><strong>12.LCI : 2%<\/strong><\/p>\n<p style=\"text-align: center;\"><strong>13.RMC D\u00e9couvertes: 1,9%<\/strong><\/p>\n<p style=\"text-align: center;\"><strong>14.RMC Story : 1,6%<\/strong><\/p>\n<p style=\"text-align: center;\"><strong>15.TF1 S\u00e9ries Films : 1,6%<\/strong><\/p>\n<p style=\"text-align: center;\"><strong>16.6Ter: 1,6%<\/strong><\/p>\n<p style=\"text-align: center;\"><strong>17.CStar : 1,2%<\/strong><\/p>\n<p style=\"text-align: center;\"><strong>18.L&rsquo;\u00e9quipe : 1,2%<\/strong><\/p>\n<p style=\"text-align: center;\"><strong>19.Gulli : 1,2%<\/strong><\/p>\n<p style=\"text-align: center;\"><strong>20.Ch\u00e9rie 25 : 1,2%<\/strong><\/p>\n<p style=\"text-align: center;\"><strong>21.France Info : 0,9%<\/strong><\/p>\n<p style=\"text-align: center;\"><strong>.<\/strong><\/p>\n<p style=\"text-align: center;\"><strong><img loading=\"lazy\" decoding=\"async\" src=\"https:\/\/www.europesays.com\/fr\/wp-content\/uploads\/2025\/08\/gxgs2lywcaabokt.jpg\" width=\"900\" height=\"882\"\/><\/strong><\/p>\n","protected":false},"excerpt":{"rendered":"C&rsquo;est un record historique sur lequel les autres m\u00e9dias resteront forc\u00e9ment discrets, car les bilans d&rsquo;audiences viennent de&hellip;\n","protected":false},"author":2,"featured_media":295986,"comment_status":"","ping_status":"","sticky":false,"template":"","format":"standard","meta":{"footnotes":""},"categories":[1356],"tags":[2367,9722,58,59,1011,27,2868,252,1364],"class_list":{"0":"post-295985","1":"post","2":"type-post","3":"status-publish","4":"format-standard","5":"has-post-thumbnail","7":"category-television","8":"tag-audiences","9":"tag-cnews","10":"tag-divertissement","11":"tag-entertainment","12":"tag-fr","13":"tag-france","14":"tag-juillet","15":"tag-television","16":"tag-tv"},"share_on_mastodon":{"url":"https:\/\/pubeurope.com\/@fr\/114971136798357770","error":""},"_links":{"self":[{"href":"https:\/\/www.europesays.com\/fr\/wp-json\/wp\/v2\/posts\/295985","targetHints":{"allow":["GET"]}}],"collection":[{"href":"https:\/\/www.europesays.com\/fr\/wp-json\/wp\/v2\/posts"}],"about":[{"href":"https:\/\/www.europesays.com\/fr\/wp-json\/wp\/v2\/types\/post"}],"author":[{"embeddable":true,"href":"https:\/\/www.europesays.com\/fr\/wp-json\/wp\/v2\/users\/2"}],"replies":[{"embeddable":true,"href":"https:\/\/www.europesays.com\/fr\/wp-json\/wp\/v2\/comments?post=295985"}],"version-history":[{"count":0,"href":"https:\/\/www.europesays.com\/fr\/wp-json\/wp\/v2\/posts\/295985\/revisions"}],"wp:featuredmedia":[{"embeddable":true,"href":"https:\/\/www.europesays.com\/fr\/wp-json\/wp\/v2\/media\/295986"}],"wp:attachment":[{"href":"https:\/\/www.europesays.com\/fr\/wp-json\/wp\/v2\/media?parent=295985"}],"wp:term":[{"taxonomy":"category","embeddable":true,"href":"https:\/\/www.europesays.com\/fr\/wp-json\/wp\/v2\/categories?post=295985"},{"taxonomy":"post_tag","embeddable":true,"href":"https:\/\/www.europesays.com\/fr\/wp-json\/wp\/v2\/tags?post=295985"}],"curies":[{"name":"wp","href":"https:\/\/api.w.org\/{rel}","templated":true}]}}