{"id":295987,"date":"2025-08-04T15:11:11","date_gmt":"2025-08-04T15:11:11","guid":{"rendered":"https:\/\/www.europesays.com\/fr\/295987\/"},"modified":"2025-08-04T15:11:11","modified_gmt":"2025-08-04T15:11:11","slug":"des-nouvelles-de-letat-de-florent-pagny-une-star-francaise-fait-une-grande-annonce","status":"publish","type":"post","link":"https:\/\/www.europesays.com\/fr\/295987\/","title":{"rendered":"Des nouvelles de l&rsquo;\u00e9tat de Florent Pagny : une star fran\u00e7aise fait une grande annonce"},"content":{"rendered":"<p>            <img loading=\"lazy\" decoding=\"async\" src=\"https:\/\/www.europesays.com\/fr\/wp-content\/uploads\/2025\/04\/144-64f8c016610ee-35x35-1.jpg\" class=\"author-article-picture\" width=\"35\" height=\"35\"\/><\/p>\n<p>                Par<br \/>\n                                    <a class=\"author-article-bio-link\" href=\"https:\/\/www.purepeople.com\/auteur\/louise-martin_a144\" rel=\"nofollow noopener\" target=\"_blank\">Louise Martin<\/a><br \/>\n                                                    | R\u00e9dactrice<\/p>\n<p>\n                Koh Lanta, Les Marseillais mais aussi Mari\u00e9s au Premier regards\u2026 Louise Martin est une t\u00e9l\u00e9vore qui essaye, \u00e0 ses heures perdues, de refaire les g\u00e2teaux qu\u2019elle admire devant le Meilleur P\u00e2tissier\u2026 mais elle ne risque pas de gagner le tablier bleu ! Les r\u00e9seaux sociaux n\u2019ont pas de secret pour elle, les derniers scoops, les derni\u00e8res \u00e9missions, elle les conna\u00eet tous.\n            <\/p>\n<p>\n    \u00c0 l&rsquo;occasion de la premi\u00e8re diffusion en clair du film baptis\u00e9 \u00ab\u00a0Une belle course\u00a0\u00bb le dimanche 3 ao\u00fbt 2025 sur TF1, Line Renaud, qui incarne l&rsquo;un des r\u00f4les principaux de ce long-m\u00e9trage, a accord\u00e9 une interview au \u00ab\u00a0Parisien\u00a0\u00bb. Durant cet entretien, la com\u00e9dienne a notamment \u00e9voqu\u00e9 la maladie de Florent Pagny.\n<\/p>\n<p>                            <img loading=\"lazy\" decoding=\"async\" class=\"player-thumbnail\" src=\"https:\/\/www.europesays.com\/fr\/wp-content\/uploads\/2025\/08\/f0673b587608a38e-580x326-1.jpg\" width=\"580\" height=\"326\"\/><\/p>\n<p>                    Des nouvelles de l&rsquo;\u00e9tat de Florent Pagny : une star fran\u00e7aise fait une grande annonce<\/p>\n<p>La suite apr\u00e8s la publicit\u00e9<\/p>\n<p><strong>V\u00e9ritable l\u00e9gende vivante du paysage artistique fran\u00e7ais<\/strong>, <a href=\"https:\/\/www.purepeople.com\/people\/line-renaud_p252\" rel=\"nofollow noopener\" target=\"_blank\">Line Renaud<\/a> a jou\u00e9 dans le film intitul\u00e9 Une belle course en 2022. \u00c0 l&rsquo;occasion de la diffusion de ce film dimanche 3 ao\u00fbt 2025 en prime time sur TF1, Line Renaud a accord\u00e9 une longue interview au Parisien. Dans celle-ci, l&rsquo;actrice a notamment fait <strong>une r\u00e9v\u00e9lation assez inattendue sur la maladie du chanteur <\/strong><a href=\"https:\/\/www.purepeople.com\/people\/florent-pagny_p135\" rel=\"nofollow noopener\" target=\"_blank\"><strong>Florent Pagny<\/strong><\/a>. Qui est r\u00e9cemment pass\u00e9 la voir chez elle \u00e0 la Jonch\u00e8re, son fief de Rueil-Malmaison (Hauts-de-Seine). O\u00f9 elle r\u00e9side depuis d\u00e9j\u00e0 trois quarts de si\u00e8cle.<\/p>\n<p>\u00ab\u00a0J\u2019ai une admiration profonde pour Florent\u00a0\u00bb, a-t-elle premi\u00e8rement lanc\u00e9. Avant d&rsquo;\u00e9voquer le contenu de leur conversation. \u00ab\u00a0<strong>Il a beaucoup parl\u00e9 de sa maladie qui \u00e9tait finie, normalement, il est gu\u00e9ri<\/strong>\u00ab\u00a0, a ensuite r\u00e9v\u00e9l\u00e9 Line Renaud. Pour rappel, Florent Pagny s&rsquo;est vu diagnostiquer un <a href=\"https:\/\/www.purepeople.com\/article\/si-ca-n-allait-pas-florent-pagny-sans-concessions-sur-son-quotidien-avec-le-cancer-en-guise-d-epee-de-damocles_a533723\/1\" rel=\"nofollow noopener\" target=\"_blank\">cancer du poumon <\/a>par ses m\u00e9decins en 2021. Contraint de suivre un <a href=\"https:\/\/www.purepeople.com\/article\/florent-pagny-atteint-d-un-cancer-le-crane-rase-il-evoque-sa-chimiotherapie_a489175\/1\" rel=\"nofollow noopener\" target=\"_blank\">protocole de chimioth\u00e9rapie<\/a> pour se soigner, le chanteur avait d\u00fb <strong>annuler la tourn\u00e9e qui \u00e9tait cens\u00e9e c\u00e9l\u00e9brer ses 60 ans<\/strong> cette ann\u00e9e-l\u00e0. Apr\u00e8s \u00eatre apparu compl\u00e8tement m\u00e9tamorphos\u00e9 \u00e0 la t\u00e9l\u00e9vision \u00e0 cause de son traitement, le musicien s&rsquo;\u00e9tait \u00e9galement retir\u00e9 de l&rsquo;\u00e9mission <a href=\"https:\/\/www.purepeople.com\/article\/florent-pagny-tres-emu-il-prend-une-decision-inattendue-une-grande-premiere-dans-the-voice_a536636\/1\" rel=\"nofollow noopener\" target=\"_blank\">The Voice<\/a>, dont il est l&rsquo;un des visages historiques. En mai 2025, Florent Pagny avait assur\u00e9 que \u00ab\u00a0tout allait bien\u00a0\u00bb pour lui d\u00e9sormais. Cependant, il pr\u00e9f\u00e8re tout de m\u00eame rester prudent. \u00ab\u00a0<strong>C&rsquo;est jamais derri\u00e8re nous quand on chope cette saloperie. <\/strong>On sait qu&rsquo;elle peut revenir \u00e0 tout moment et durant plusieurs ann\u00e9es, on doit contr\u00f4ler\u00a0\u00bb, avait-il ainsi soulign\u00e9.<\/p>\n<p>Line Renaud : malgr\u00e9 son grand \u00e2ge, la com\u00e9dienne affirme \u00eatre en tr\u00e8s bonne sant\u00e9<\/p>\n<p>De son c\u00f4t\u00e9, Line Renaud a aussi \u00e9voqu\u00e9 son \u00e9tat de sant\u00e9 durant son interview avec Le Parisien. L&rsquo;actrice assure notamment qu&rsquo;elle va \u00ab\u00a0tr\u00e8s tr\u00e8s bien\u00a0\u00bb. \u00ab\u00a0<strong>Aller mieux, ce serait ind\u00e9cent pour mon \u00e2ge. <\/strong>Je l\u2019oublie toujours. C\u2019est 97, c\u2019est \u00e7a ? Ensuite, ce sera 98\u2026 Voil\u00e0, j\u2019attends mes 100 ans\u00a0\u00bb, a ensuite ajout\u00e9 l&rsquo;ancienne meneuse de revue. \u00ab\u00a0Je ne pense pas du tout \u00e0 combien (d&rsquo;ann\u00e9es, ndlr) je vais encore faire. On le verra. On le vivra. Je ne suis fix\u00e9e ni sur le pass\u00e9 ni sur le futur. Je ne me dis pas : &lsquo;Mon Dieu, qu\u2019est-ce que je vais faire l\u2019an prochain ?&rsquo;. <strong>Je trouverai bien quelque chose \u00e0 faire\u2026 <\/strong>J\u2019aime plut\u00f4t vivre le pr\u00e9sent, chaque jour. Et puis je vois tellement de gens mourir\u00a0\u00bb, a finalement conclu Line Renaud.<\/p>\n","protected":false},"excerpt":{"rendered":"Par Louise Martin | R\u00e9dactrice Koh Lanta, Les Marseillais mais aussi Mari\u00e9s au Premier regards\u2026 Louise Martin est&hellip;\n","protected":false},"author":2,"featured_media":295988,"comment_status":"","ping_status":"","sticky":false,"template":"","format":"standard","meta":{"footnotes":""},"categories":[1355],"tags":[58,59,1011,27,1361,873],"class_list":{"0":"post-295987","1":"post","2":"type-post","3":"status-publish","4":"format-standard","5":"has-post-thumbnail","7":"category-musique","8":"tag-divertissement","9":"tag-entertainment","10":"tag-fr","11":"tag-france","12":"tag-music","13":"tag-musique"},"share_on_mastodon":{"url":"https:\/\/pubeurope.com\/@fr\/114971140839099189","error":""},"_links":{"self":[{"href":"https:\/\/www.europesays.com\/fr\/wp-json\/wp\/v2\/posts\/295987","targetHints":{"allow":["GET"]}}],"collection":[{"href":"https:\/\/www.europesays.com\/fr\/wp-json\/wp\/v2\/posts"}],"about":[{"href":"https:\/\/www.europesays.com\/fr\/wp-json\/wp\/v2\/types\/post"}],"author":[{"embeddable":true,"href":"https:\/\/www.europesays.com\/fr\/wp-json\/wp\/v2\/users\/2"}],"replies":[{"embeddable":true,"href":"https:\/\/www.europesays.com\/fr\/wp-json\/wp\/v2\/comments?post=295987"}],"version-history":[{"count":0,"href":"https:\/\/www.europesays.com\/fr\/wp-json\/wp\/v2\/posts\/295987\/revisions"}],"wp:featuredmedia":[{"embeddable":true,"href":"https:\/\/www.europesays.com\/fr\/wp-json\/wp\/v2\/media\/295988"}],"wp:attachment":[{"href":"https:\/\/www.europesays.com\/fr\/wp-json\/wp\/v2\/media?parent=295987"}],"wp:term":[{"taxonomy":"category","embeddable":true,"href":"https:\/\/www.europesays.com\/fr\/wp-json\/wp\/v2\/categories?post=295987"},{"taxonomy":"post_tag","embeddable":true,"href":"https:\/\/www.europesays.com\/fr\/wp-json\/wp\/v2\/tags?post=295987"}],"curies":[{"name":"wp","href":"https:\/\/api.w.org\/{rel}","templated":true}]}}