{"id":296022,"date":"2025-08-04T15:34:09","date_gmt":"2025-08-04T15:34:09","guid":{"rendered":"https:\/\/www.europesays.com\/fr\/296022\/"},"modified":"2025-08-04T15:34:09","modified_gmt":"2025-08-04T15:34:09","slug":"cette-petite-phrase-qui-ne-passe-pas","status":"publish","type":"post","link":"https:\/\/www.europesays.com\/fr\/296022\/","title":{"rendered":"cette petite phrase qui ne passe pas"},"content":{"rendered":"<p>            Par<br \/>\n        <strong><br \/>\n            <a href=\"https:\/\/actu.fr\/auteur\/lisa-rodrigues\" title=\"Consulter tous les articles de Lisa Rodrigues\" target=\"_blank\" rel=\"noopener\">Lisa Rodrigues<\/a><br \/>\n        <\/strong><\/p>\n<p>        Publi\u00e9 le<\/p>\n<p>            4 ao\u00fbt 2025 \u00e0 16h56        <\/p>\n<p>\u00ab\u00a0Ce que nous, nous cherchons \u00e0 faire, c\u2019est casser les ghettos. Mais les ghettos, il faut se rappeler que c\u2019est surtout des <strong>ghettos de riches<\/strong> !\u00a0\u00bb Cette petite phrase, elle est tir\u00e9e d\u2019une interview du maire \u00e9cologiste de Grenoble, \u00c9ric Piolle, sur le th\u00e8me du <strong>logement<\/strong>, accord\u00e9e au <a href=\"https:\/\/c.ledauphine.com\/politique\/2025\/07\/31\/isere-grenoble-eric-piolle-nous-cherchons-a-casser-les-ghettos-les-ghettos-de-riches-surtout\" target=\"_blank\" rel=\"noopener\">Dauphin\u00e9 Lib\u00e9r\u00e9<\/a>.<\/p>\n<p class=\" wall-content\">L\u2019\u00e9dile d\u00e9veloppe son bilan en la mati\u00e8re, mais ce qui a surtout fait r\u00e9agir, c\u2019est cette volont\u00e9 d\u2019agir contre les \u00ab\u00a0ghettos de riches\u00a0\u00bb en favorisant <a href=\"https:\/\/actu.fr\/auvergne-rhone-alpes\/grenoble_38185\/grenoble-la-ville-passe-une-etape-majeure-dans-la-construction-de-logements-sociaux_62782740.html\" target=\"_blank\" rel=\"noopener\">le logement social<\/a>. Une formulation qui a rapidement fait le tour de la sph\u00e8re politique grenobloise.<\/p>\n<p>\u00ab\u00a0Ces mots ne sont pas qu\u2019une provocation\u00a0\u00bb<\/p>\n<p class=\" wall-content\">C\u2019est surtout \u00e0 droite de l\u2019\u00e9chiquier politique que la formule fait jaser, alors que l\u2019interview a \u00e9t\u00e9 men\u00e9e \u00e0 <a href=\"https:\/\/actu.fr\/auvergne-rhone-alpes\/grenoble_38185\/grenoble-ou-en-est-on-du-chantier-du-siecle-a-la-villeneuve_60449360.html\" target=\"_blank\" rel=\"noopener\">La Villeneuve<\/a>, quartier o\u00f9 un <a href=\"https:\/\/actu.fr\/auvergne-rhone-alpes\/grenoble_38185\/grenoble-l-insecurite-et-les-nuisances-frappent-ces-secteurs-une-mesure-forte-est-prise_62767468.html\" target=\"_blank\" rel=\"noopener\">sentiment d\u2019ins\u00e9curit\u00e9<\/a> persiste pour une partie de la population.<\/p>\n<p class=\" wall-content\">Il y a d\u2019abord son opposant affich\u00e9, <a href=\"https:\/\/actu.fr\/auvergne-rhone-alpes\/grenoble_38185\/municipales-2026-a-grenoble-alain-carignon-est-candidat-les-grenoblois-meritent-le-meilleur_62735518.html\" target=\"_blank\" rel=\"noopener\">Alain Carignon<\/a>, candidat LR \u00e0 la mairie de Grenoble, qui parle d\u2019une \u00ab\u00a0<strong>communication ind\u00e9cente<\/strong>\u00ab\u00a0. L\u2019ex-\u00e9dile de la pr\u00e9fecture de l\u2019Is\u00e8re estime ainsi que cette d\u00e9claration rel\u00e8ve de la \u00ab\u00a0d\u00e9magogie populiste\u00a0\u00bb et pr\u00e9tend \u00ab\u00a0chasser des \u2018riches\u2019 tr\u00e8s hypoth\u00e9tiques\u00a0\u00bb de Grenoble.<\/p>\n<p>    <a href=\"https:\/\/www.facebook.com\/plugins\/post.php?href=https%3A%2F%2Fwww.facebook.com%2FAlain.Carignon.Officiel%2Fposts%2Fpfbid02DXXXBc1hzyswNXjnKrKDqZRDMcH2N2K4EAW3FWBqmFBC72Q1jFJof9nE25wEdezAl&amp;show_text=true&amp;width=350\" title=\"Ouvrie le lien\" target=\"_blank\" rel=\"noopener\">Cliquez ici pour visualiser le contenu<\/a><\/p>\n<p class=\" wall-content\">Autre candidat d\u00e9clar\u00e9 \u00e0 la municipale grenobloise, <a href=\"https:\/\/actu.fr\/auvergne-rhone-alpes\/grenoble_38185\/municipales-2026-qui-est-herve-gerbi-le-premier-candidat-a-la-mairie-de-grenoble_62539289.htmlhttps:\/\/actu.fr\/auvergne-rhone-alpes\/grenoble_38185\/municipales-2026-qui-est-herve-gerbi-le-premier-candidat-a-la-mairie-de-grenoble_62539289.html\" target=\"_blank\" rel=\"noopener\">Herv\u00e9 Gerbi<\/a>, chef de file pour le parti Horizons. \u00ab\u00a0Ces mots ne sont pas qu\u2019une provocation : ils trahissent une <strong>ligne politique de plus en plus radicalis\u00e9e<\/strong>\u00ab\u00a0, affirme-t-il par voie de communiqu\u00e9 de presse, arguant \u00ab\u00a0un alignement de fait\u00a0\u00bb avec les id\u00e9es de LFI, parti membre de la majorit\u00e9 municipale actuelle.<\/p>\n<p>    <a href=\"https:\/\/www.facebook.com\/plugins\/post.php?href=https%3A%2F%2Fwww.facebook.com%2Fherve.gerbi%2Fposts%2Fpfbid0N5ERmW1oTptbRdNv5YFzuKPWiZ2coMdmT4y7HtrjRSSouU3jGi8Drq7sr96bdvSWl&amp;show_text=true&amp;width=350\" title=\"Ouvrie le lien\" target=\"_blank\" rel=\"noopener\">Cliquez ici pour visualiser le contenu<\/a><\/p>\n<p>Des quartiers \u00ab\u00a0riches\u00a0\u00bb \u00e0 Grenoble ?<\/p>\n<p class=\" wall-content\">Les r\u00e9actions aux propos du maire de <a href=\"https:\/\/actu.fr\/auvergne-rhone-alpes\/grenoble_38185\" target=\"_blank\" rel=\"noopener\">Grenoble<\/a> vont aussi bon train sur les r\u00e9seaux sociaux : \u00ab\u00a0vous feriez mieux de casser les ghettos des narcotrafiquants\u00a0\u00bb, \u00ab\u00a0le logement pour tous ne se d\u00e9cr\u00e8te pas \u00e0 7 mois des municipales\u00a0\u00bb, \u00ab\u00a0une id\u00e9e communiste\u00a0\u00bb\u2026\u00a0<\/p>\n<p class=\" wall-content\">Beaucoup remettent aussi en cause, avec plus ou moins d\u2019humour, l\u2019existence m\u00eame de quartiers \u00ab\u00a0riches\u00a0\u00bb \u00e0 Grenoble, la commune n\u2019\u00e9tant<strong> pas r\u00e9put\u00e9e \u00eatre celle aux revenus les plus \u00e9lev\u00e9s<\/strong> du territoire, selon les derni\u00e8res donn\u00e9es de l\u2019Insee. Ainsi, la m\u00e9diane du revenu disponible \u00e0 Grenoble est de 22 140 euros (soit 1 845 euros par mois), contre 23 940 euros pour <a href=\"https:\/\/actu.fr\/tag\/grenoble-alpes-metropole\" target=\"_blank\" rel=\"noopener\">Grenoble-Alpes M\u00e9tropole<\/a> (soit 1 995 euros mensuels). Le taux de pauvret\u00e9 est, lui, de 21% dans la capitale des Alpes et de 15% sur la M\u00e9tropole.<\/p>\n<p>\u00c9ric Piolle assume ses propos<\/p>\n<p class=\" wall-content\">Face aux critiques, \u00c9ric Piolle a r\u00e9pondu sur ses r\u00e9seaux sociaux et confirme ses propos. \u00ab\u00a0Nous assumons d\u2019amplifier la mixit\u00e9 sociale partout o\u00f9 nous le pouvons !\u00a0\u00bb\u00a0\u00a0<\/p>\n<p class=\" wall-content\">\n<p class=\" wall-content\">Ce n\u2019est pas la premi\u00e8re fois que les propos d\u2019\u00c9ric Piolle font <a href=\"https:\/\/actu.fr\/auvergne-rhone-alpes\/grenoble_38185\/les-propos-explosifs-du-maire-de-grenoble-eric-piolle-avant-l-attaque-a-la-grenade_62247693.html\" target=\"_blank\" rel=\"noopener\">pol\u00e9miques<\/a>. En f\u00e9vrier dernier, <a href=\"https:\/\/www.liberation.fr\/politique\/securite-les-maires-ecolos-en-transition-20250212_KDKCJNAU7RBZFDARN4ERZZCTUY\/\" target=\"_blank\" rel=\"noopener\">Lib\u00e9ration <\/a>publiait une interview sur la s\u00e9curit\u00e9 dans les villes \u00e9cologistes.<\/p>\n<p class=\" wall-content\">Le maire grenoblois niait une hausse de l\u2019ins\u00e9curit\u00e9, quelques heures avant <a href=\"https:\/\/actu.fr\/auvergne-rhone-alpes\/grenoble_38185\/direct-grenoble-explosion-dans-un-commerce-plusieurs-victimes-le-plan-blanc-declenche_62246225.html\" target=\"_blank\" rel=\"noopener\">l\u2019attaque \u00e0 la grenade<\/a> au Village olympique. \u00ab \u00c0 vrai dire, <strong>je m\u2019en fous un peu<\/strong> [de l\u2019ins\u00e9curit\u00e9, NDLR]. Quand il ne reste que des attaques sur la s\u00e9curit\u00e9 et la propret\u00e9, \u00e7a veut dire qu\u2019on a gagn\u00e9 quelques batailles par ailleurs, car on peut toujours se dire qu\u2019une ville n\u2019est pas assez propre et pas assez s\u00fbre \u00bb, affirmait l\u2019\u00e9dile \u00e0 nos confr\u00e8res.<\/p>\n<p class=\" wall-content\">Suivez toute l\u2019actualit\u00e9 de vos villes et m\u00e9dias favoris en vous inscrivant \u00e0 <a href=\"https:\/\/moncompte.actu.fr\" title=\"D\u00e9couvez Mon Actu\" rel=\"nofollow noopener\" data-trk=\"{&quot;cta&quot;:{&quot;action&quot;:&quot;https:\\\/\\\/moncompte.actu.fr&quot;,&quot;category&quot;:&quot;mon compte&quot;,&quot;from&quot;:&quot;article footer&quot;,&quot;name&quot;:&quot;Mon actu&quot;,&quot;type&quot;:&quot;cta&quot;}}\" target=\"_blank\">Mon Actu<\/a>.<\/p>\n","protected":false},"excerpt":{"rendered":"Par Lisa Rodrigues Publi\u00e9 le 4 ao\u00fbt 2025 \u00e0 16h56 \u00ab\u00a0Ce que nous, nous cherchons \u00e0 faire, c\u2019est&hellip;\n","protected":false},"author":2,"featured_media":296023,"comment_status":"","ping_status":"","sticky":false,"template":"","format":"standard","meta":{"footnotes":""},"categories":[9566],"tags":[1111,11,9601,2430,9607,1777,674,1011,27,2731,1908,12,25,104],"class_list":{"0":"post-296022","1":"post","2":"type-post","3":"status-publish","4":"format-standard","5":"has-post-thumbnail","7":"category-grenoble","8":"tag-actu","9":"tag-actualites","10":"tag-alain-carignon","11":"tag-auvergne-rhone-alpes","12":"tag-eric-piolle","13":"tag-eu","14":"tag-europe","15":"tag-fr","16":"tag-france","17":"tag-grenoble","18":"tag-logement","19":"tag-news","20":"tag-republique-francaise","21":"tag-societe"},"share_on_mastodon":{"url":"https:\/\/pubeurope.com\/@fr\/114971231151973200","error":""},"_links":{"self":[{"href":"https:\/\/www.europesays.com\/fr\/wp-json\/wp\/v2\/posts\/296022","targetHints":{"allow":["GET"]}}],"collection":[{"href":"https:\/\/www.europesays.com\/fr\/wp-json\/wp\/v2\/posts"}],"about":[{"href":"https:\/\/www.europesays.com\/fr\/wp-json\/wp\/v2\/types\/post"}],"author":[{"embeddable":true,"href":"https:\/\/www.europesays.com\/fr\/wp-json\/wp\/v2\/users\/2"}],"replies":[{"embeddable":true,"href":"https:\/\/www.europesays.com\/fr\/wp-json\/wp\/v2\/comments?post=296022"}],"version-history":[{"count":0,"href":"https:\/\/www.europesays.com\/fr\/wp-json\/wp\/v2\/posts\/296022\/revisions"}],"wp:featuredmedia":[{"embeddable":true,"href":"https:\/\/www.europesays.com\/fr\/wp-json\/wp\/v2\/media\/296023"}],"wp:attachment":[{"href":"https:\/\/www.europesays.com\/fr\/wp-json\/wp\/v2\/media?parent=296022"}],"wp:term":[{"taxonomy":"category","embeddable":true,"href":"https:\/\/www.europesays.com\/fr\/wp-json\/wp\/v2\/categories?post=296022"},{"taxonomy":"post_tag","embeddable":true,"href":"https:\/\/www.europesays.com\/fr\/wp-json\/wp\/v2\/tags?post=296022"}],"curies":[{"name":"wp","href":"https:\/\/api.w.org\/{rel}","templated":true}]}}