{"id":296024,"date":"2025-08-04T15:35:09","date_gmt":"2025-08-04T15:35:09","guid":{"rendered":"https:\/\/www.europesays.com\/fr\/296024\/"},"modified":"2025-08-04T15:35:09","modified_gmt":"2025-08-04T15:35:09","slug":"gerald-darmanin-annule-la-semaine-de-surf-therapeutique-prevue-pour-un-detenu-de-la-prison-de-rennes-vezin","status":"publish","type":"post","link":"https:\/\/www.europesays.com\/fr\/296024\/","title":{"rendered":"G\u00e9rald Darmanin annule la \u00ab\u00a0semaine de surf th\u00e9rapeutique\u00a0\u00bb pr\u00e9vue pour un d\u00e9tenu de la prison de Rennes-Vezin"},"content":{"rendered":"<p>            Par<br \/>\n        <strong><br \/>\n            <a href=\"https:\/\/actu.fr\/auteur\/lou-batteux\" title=\"Consulter tous les articles de Lou Batteux\" target=\"_blank\" rel=\"noopener\">Lou Batteux<\/a><br \/>\n        <\/strong><\/p>\n<p>        Publi\u00e9 le<\/p>\n<p>            4 ao\u00fbt 2025 \u00e0 17h26        <\/p>\n<p>R\u00e9cemment, <a href=\"https:\/\/actu.fr\/bretagne\/rennes_35238\/un-detenu-patient-de-la-prison-de-rennes-en-semaine-de-surf-therapeutique-ce-syndicat-en-colere_62990691.html\" target=\"_blank\" rel=\"noopener\">le service m\u00e9dico-psychologique r\u00e9gional (SMPR) du centre p\u00e9nitentiaire de Rennes-Vezin avait pr\u00e9vu d\u2019organiser une semaine de \u00ab\u00a0surf th\u00e9rapeutique\u00a0\u00bb \u00e0 Saint-Malo pour un d\u00e9tenu<\/a>.<\/p>\n<p class=\" wall-content\">Face \u00e0 la r\u00e9action du syndicat de l\u2019Union F\u00e9d\u00e9rale Autonome P\u00e9nitentiaire (UFAP), qui se dit \u00ab\u00a0offusqu\u00e9\u00a0\u00bb et \u00ab\u00a0d\u00e9go\u00fbt\u00e9\u00a0\u00bb, <strong>G\u00e9rald Darmanin a \u00ab\u00a0demand\u00e9 l\u2019annulation imm\u00e9diate de l\u2019activit\u00e9<\/strong> pr\u00e9vue \u00e0 la rentr\u00e9e conform\u00e9ment \u00e0 sa politique\u00a0\u00bb, indique le minist\u00e8re de la Justice, contact\u00e9 par la r\u00e9daction d\u2018<a href=\"https:\/\/actu.fr\/rennes\/\" target=\"_blank\" rel=\"noopener\">actu Rennes<\/a>.<\/p>\n<p>\u00ab\u00a0Une semaine de r\u00eave, tous frais compris\u00a0\u00bb<\/p>\n<p class=\" wall-content\">Alors que le <a href=\"https:\/\/actu.fr\/bretagne\/rennes_35238\/nouvelle-agression-a-la-prison-de-rennes-vezin-la-troisieme-en-deux-semaines-un-surveillant-a-l-hopital_62975237.html\" target=\"_blank\" rel=\"noopener\">personnel du CPRV se plaint d\u2019agressions \u00e0 r\u00e9p\u00e9tition de la part de d\u00e9tenus \u00ab\u00a0au profil psychiatrique instable\u00a0\u00bb<\/a>, le SMPR a soumis l\u2019id\u00e9e de cette sortie pour un de ses patient-d\u00e9tenus. Une initiative qui aurait \u00e9t\u00e9 <strong>approuv\u00e9e par la commission de l\u2019application des peines<\/strong>, selon Eric Tox\u00e9, secr\u00e9taire local de l\u2019UFAP.<\/p>\n<p class=\" wall-content\">Dans un communiqu\u00e9, l\u2019UFAP se dit \u00ab\u00a0offusqu\u00e9e\u00a0\u00bb de cette <strong>\u00ab\u00a0semaine de r\u00eave, tous frais compris\u00a0\u00bb<\/strong> tandis que \u00ab\u00a0on leur demande de se serrer la ceinture\u00a0\u00bb.<\/p>\n<p class=\" wall-content\">Face \u00e0 l\u2019indignation g\u00e9n\u00e9rale, le <strong>ministre de la Justice et Garde des Sceaux G\u00e9rald Darmanin<\/strong> a pris la d\u00e9cision d\u2019annuler cette \u00ab\u00a0semaine de surf th\u00e9rapeutique\u00a0\u00bb car \u00ab\u00a0ce n\u2019est pas une activit\u00e9 qui a du sens\u00a0\u00bb, rel\u00e8ve-t-il.<\/p>\n<p class=\" wall-content\">En f\u00e9vrier, G\u00e9rald Darmanin avait publi\u00e9 une <strong>circulaire<\/strong> encadrant les activit\u00e9s en milieu carc\u00e9ral, stipulant <strong>qu\u2019aucune d\u2019elles \u00ab\u00a0ne peut \u00eatre ludique ou provocante\u00a0\u00bb<\/strong>. Le Conseil d\u2019\u00c9tat avait valid\u00e9 la circulaire en excluant le terme \u00ab\u00a0ludique\u00a0\u00bb.<\/p>\n<p class=\" wall-content\">Suivez toute l\u2019actualit\u00e9 de vos villes et m\u00e9dias favoris en vous inscrivant \u00e0 <a href=\"https:\/\/moncompte.actu.fr\" title=\"D\u00e9couvez Mon Actu\" rel=\"nofollow noopener\" data-trk=\"{&quot;cta&quot;:{&quot;action&quot;:&quot;https:\\\/\\\/moncompte.actu.fr&quot;,&quot;category&quot;:&quot;mon compte&quot;,&quot;from&quot;:&quot;article footer&quot;,&quot;name&quot;:&quot;Mon actu&quot;,&quot;type&quot;:&quot;cta&quot;}}\" target=\"_blank\">Mon Actu<\/a>.<\/p>\n","protected":false},"excerpt":{"rendered":"Par Lou Batteux Publi\u00e9 le 4 ao\u00fbt 2025 \u00e0 17h26 R\u00e9cemment, le service m\u00e9dico-psychologique r\u00e9gional (SMPR) du centre&hellip;\n","protected":false},"author":2,"featured_media":95001,"comment_status":"","ping_status":"","sticky":false,"template":"","format":"standard","meta":{"footnotes":""},"categories":[2821],"tags":[1111,11,829,1777,674,1011,27,432,303,12,316,899,584,25],"class_list":{"0":"post-296024","1":"post","2":"type-post","3":"status-publish","4":"format-standard","5":"has-post-thumbnail","7":"category-rennes","8":"tag-actu","9":"tag-actualites","10":"tag-bretagne","11":"tag-eu","12":"tag-europe","13":"tag-fr","14":"tag-france","15":"tag-gerald-darmanin","16":"tag-justice","17":"tag-news","18":"tag-politique","19":"tag-prisons","20":"tag-rennes","21":"tag-republique-francaise"},"share_on_mastodon":{"url":"https:\/\/pubeurope.com\/@fr\/114971235037772769","error":""},"_links":{"self":[{"href":"https:\/\/www.europesays.com\/fr\/wp-json\/wp\/v2\/posts\/296024","targetHints":{"allow":["GET"]}}],"collection":[{"href":"https:\/\/www.europesays.com\/fr\/wp-json\/wp\/v2\/posts"}],"about":[{"href":"https:\/\/www.europesays.com\/fr\/wp-json\/wp\/v2\/types\/post"}],"author":[{"embeddable":true,"href":"https:\/\/www.europesays.com\/fr\/wp-json\/wp\/v2\/users\/2"}],"replies":[{"embeddable":true,"href":"https:\/\/www.europesays.com\/fr\/wp-json\/wp\/v2\/comments?post=296024"}],"version-history":[{"count":0,"href":"https:\/\/www.europesays.com\/fr\/wp-json\/wp\/v2\/posts\/296024\/revisions"}],"wp:featuredmedia":[{"embeddable":true,"href":"https:\/\/www.europesays.com\/fr\/wp-json\/wp\/v2\/media\/95001"}],"wp:attachment":[{"href":"https:\/\/www.europesays.com\/fr\/wp-json\/wp\/v2\/media?parent=296024"}],"wp:term":[{"taxonomy":"category","embeddable":true,"href":"https:\/\/www.europesays.com\/fr\/wp-json\/wp\/v2\/categories?post=296024"},{"taxonomy":"post_tag","embeddable":true,"href":"https:\/\/www.europesays.com\/fr\/wp-json\/wp\/v2\/tags?post=296024"}],"curies":[{"name":"wp","href":"https:\/\/api.w.org\/{rel}","templated":true}]}}