{"id":296027,"date":"2025-08-04T15:37:12","date_gmt":"2025-08-04T15:37:12","guid":{"rendered":"https:\/\/www.europesays.com\/fr\/296027\/"},"modified":"2025-08-04T15:37:12","modified_gmt":"2025-08-04T15:37:12","slug":"la-chope-dor-a-jean-pierre-nafziger-et-a-son-travail-de-memoire","status":"publish","type":"post","link":"https:\/\/www.europesays.com\/fr\/296027\/","title":{"rendered":"la chope d&rsquo;or \u00e0 Jean-Pierre Nafziger et \u00e0 son travail de m\u00e9moire"},"content":{"rendered":"<p>L\u2019ancien professeur d\u2019histoire-g\u00e9ographie et actuel pr\u00e9sident de l\u2019association \u00ab\u00a0M\u00e9moire et Patrimoine de Schiltigheim\u00a0\u00bb, Jean-Pierre Nafziger, 67 ans, vient de recevoir la chope d\u2019or, en marge de <a href=\"https:\/\/www.dna.fr\/culture-loisirs\/2025\/08\/03\/fete-de-la-biere-vers-un-nouveau-record-d-affluence\" target=\"_blank\" rel=\"noopener\">la F\u00eate de la bi\u00e8re<\/a> , ce lundi 4\u00a0ao\u00fbt. Un prix qui r\u00e9compense \u00ab\u00a0une personnalit\u00e9 de par son engagement et son amour de la ville\u00a0\u00bb, rend hommage la maire de Schiltigheim, Danielle Dambach, dans un discours inspir\u00e9.<\/p>\n<p>Une carri\u00e8re loin de Schiltigheim<\/p>\n<p>Jean-Pierre Nafziger raconte les b\u00e2timents embl\u00e9matiques de l\u2019industrie schilikoise, lui qui appr\u00e9cie \u00ab le&#8230;<\/p>\n","protected":false},"excerpt":{"rendered":"L\u2019ancien professeur d\u2019histoire-g\u00e9ographie et actuel pr\u00e9sident de l\u2019association \u00ab\u00a0M\u00e9moire et Patrimoine de Schiltigheim\u00a0\u00bb, Jean-Pierre Nafziger, 67 ans, vient&hellip;\n","protected":false},"author":2,"featured_media":296028,"comment_status":"","ping_status":"","sticky":false,"template":"","format":"standard","meta":{"footnotes":""},"categories":[2820],"tags":[1111,11,1687,2880,1777,674,3326,107,1011,27,775,12,25,5512,640,3265],"class_list":{"0":"post-296027","1":"post","2":"type-post","3":"status-publish","4":"format-standard","5":"has-post-thumbnail","7":"category-strasbourg","8":"tag-actu","9":"tag-actualites","10":"tag-culture-loisirs","11":"tag-edition-strasbourg","12":"tag-eu","13":"tag-europe","14":"tag-fete-locale","15":"tag-fil-info","16":"tag-fr","17":"tag-france","18":"tag-grand-est","19":"tag-news","20":"tag-republique-francaise","21":"tag-schiltigheim","22":"tag-strasbourg","23":"tag-strasbourg-nord"},"share_on_mastodon":{"url":"https:\/\/pubeurope.com\/@fr\/114971243045148629","error":""},"_links":{"self":[{"href":"https:\/\/www.europesays.com\/fr\/wp-json\/wp\/v2\/posts\/296027","targetHints":{"allow":["GET"]}}],"collection":[{"href":"https:\/\/www.europesays.com\/fr\/wp-json\/wp\/v2\/posts"}],"about":[{"href":"https:\/\/www.europesays.com\/fr\/wp-json\/wp\/v2\/types\/post"}],"author":[{"embeddable":true,"href":"https:\/\/www.europesays.com\/fr\/wp-json\/wp\/v2\/users\/2"}],"replies":[{"embeddable":true,"href":"https:\/\/www.europesays.com\/fr\/wp-json\/wp\/v2\/comments?post=296027"}],"version-history":[{"count":0,"href":"https:\/\/www.europesays.com\/fr\/wp-json\/wp\/v2\/posts\/296027\/revisions"}],"wp:featuredmedia":[{"embeddable":true,"href":"https:\/\/www.europesays.com\/fr\/wp-json\/wp\/v2\/media\/296028"}],"wp:attachment":[{"href":"https:\/\/www.europesays.com\/fr\/wp-json\/wp\/v2\/media?parent=296027"}],"wp:term":[{"taxonomy":"category","embeddable":true,"href":"https:\/\/www.europesays.com\/fr\/wp-json\/wp\/v2\/categories?post=296027"},{"taxonomy":"post_tag","embeddable":true,"href":"https:\/\/www.europesays.com\/fr\/wp-json\/wp\/v2\/tags?post=296027"}],"curies":[{"name":"wp","href":"https:\/\/api.w.org\/{rel}","templated":true}]}}