{"id":29603,"date":"2025-04-16T16:58:31","date_gmt":"2025-04-16T16:58:31","guid":{"rendered":"https:\/\/www.europesays.com\/fr\/29603\/"},"modified":"2025-04-16T16:58:31","modified_gmt":"2025-04-16T16:58:31","slug":"une-enquete-pour-meurtre-ouverte-apres-la-decouverte-dun-homme-mort-sur-le-quai-du-tram-porte-de-pantin","status":"publish","type":"post","link":"https:\/\/www.europesays.com\/fr\/29603\/","title":{"rendered":"Une enqu\u00eate pour meurtre ouverte apr\u00e8s la d\u00e9couverte d\u2019un homme mort sur le quai du tram porte de Pantin"},"content":{"rendered":"<p>Une <a href=\"https:\/\/www.20minutes.fr\/dossier\/enquete\" class=\"color-ultramarine c-link\" rel=\"nofollow noopener\" target=\"_blank\">enqu\u00eate<\/a> pour <a href=\"https:\/\/www.20minutes.fr\/dossier\/meurtre\" class=\"color-ultramarine c-link\" rel=\"nofollow noopener\" target=\"_blank\">meurtre<\/a> a \u00e9t\u00e9 ouverte apr\u00e8s la d\u00e9couverte d\u2019un corps sans vie mardi matin sur le quai du tramway T3b \u00e0 la station porte de Pantin, \u00e0 <a href=\"https:\/\/www.20minutes.fr\/paris\/\" class=\"color-ultramarine c-link\" rel=\"nofollow noopener\" target=\"_blank\">Paris<\/a> (19e), a indiqu\u00e9 le parquet. Deux hommes ont \u00e9t\u00e9 plac\u00e9s en garde \u00e0 vue un peu avant 8 heures, ajoute le parquet de Paris.<\/p>\n<p>La macabre d\u00e9couverte a eu lieu aux environs de 6 heures du matin. A l\u2019arriv\u00e9e des secours, et malgr\u00e9 un bref massage cardiaque, l\u2019homme \u00e9tait d\u00e9j\u00e0 d\u00e9c\u00e9d\u00e9.<\/p>\n<p>Touch\u00e9 par balle \u00e0 l\u2019\u00e9paule<\/p>\n<p><a href=\"https:\/\/www.leparisien.fr\/paris-75\/paris-un-homme-retrouve-mort-sur-le-quai-du-tramway-porte-de-pantin-deux-personnes-arretees-15-04-2025-MTN4ALOQ7NFRTKBT7RIXWOW3YU.php\" rel=\"nofollow noopener\" target=\"_blank\" class=\"color-ultramarine c-link\">Selon Le Parisien<\/a>, la victime \u2013 un homme \u00e2g\u00e9 d\u2019une quarantaine d\u2019ann\u00e9es qui n\u2019a pas encore identifi\u00e9 \u2013 aurait \u00e9t\u00e9 touch\u00e9e par balle \u00e0 l\u2019\u00e9paule. Les cam\u00e9ras de surveillance montrent deux hommes le d\u00e9poser avant de repartir \u00e0 pied.<\/p>\n<p>Les investigations, confi\u00e9es \u00e0 la brigade criminelle, se poursuivent.<\/p>\n","protected":false},"excerpt":{"rendered":"Une enqu\u00eate pour meurtre a \u00e9t\u00e9 ouverte apr\u00e8s la d\u00e9couverte d\u2019un corps sans vie mardi matin sur le&hellip;\n","protected":false},"author":2,"featured_media":29604,"comment_status":"","ping_status":"","sticky":false,"template":"","format":"standard","meta":{"footnotes":""},"categories":[1888],"tags":[47,11,1067,1777,674,1011,27,662,777,12,626,25,104],"class_list":{"0":"post-29603","1":"post","2":"type-post","3":"status-publish","4":"format-standard","5":"has-post-thumbnail","7":"category-paris","8":"tag-actualite","9":"tag-actualites","10":"tag-enquete","11":"tag-eu","12":"tag-europe","13":"tag-fr","14":"tag-france","15":"tag-ile-de-france","16":"tag-meurtre","17":"tag-news","18":"tag-paris","19":"tag-republique-francaise","20":"tag-societe"},"share_on_mastodon":{"url":"https:\/\/pubeurope.com\/@fr\/114348707265222857","error":""},"_links":{"self":[{"href":"https:\/\/www.europesays.com\/fr\/wp-json\/wp\/v2\/posts\/29603","targetHints":{"allow":["GET"]}}],"collection":[{"href":"https:\/\/www.europesays.com\/fr\/wp-json\/wp\/v2\/posts"}],"about":[{"href":"https:\/\/www.europesays.com\/fr\/wp-json\/wp\/v2\/types\/post"}],"author":[{"embeddable":true,"href":"https:\/\/www.europesays.com\/fr\/wp-json\/wp\/v2\/users\/2"}],"replies":[{"embeddable":true,"href":"https:\/\/www.europesays.com\/fr\/wp-json\/wp\/v2\/comments?post=29603"}],"version-history":[{"count":0,"href":"https:\/\/www.europesays.com\/fr\/wp-json\/wp\/v2\/posts\/29603\/revisions"}],"wp:featuredmedia":[{"embeddable":true,"href":"https:\/\/www.europesays.com\/fr\/wp-json\/wp\/v2\/media\/29604"}],"wp:attachment":[{"href":"https:\/\/www.europesays.com\/fr\/wp-json\/wp\/v2\/media?parent=29603"}],"wp:term":[{"taxonomy":"category","embeddable":true,"href":"https:\/\/www.europesays.com\/fr\/wp-json\/wp\/v2\/categories?post=29603"},{"taxonomy":"post_tag","embeddable":true,"href":"https:\/\/www.europesays.com\/fr\/wp-json\/wp\/v2\/tags?post=29603"}],"curies":[{"name":"wp","href":"https:\/\/api.w.org\/{rel}","templated":true}]}}