{"id":296037,"date":"2025-08-04T15:42:22","date_gmt":"2025-08-04T15:42:22","guid":{"rendered":"https:\/\/www.europesays.com\/fr\/296037\/"},"modified":"2025-08-04T15:42:22","modified_gmt":"2025-08-04T15:42:22","slug":"le-debut-du-mois-daout-sannonce-chaud-et-ensoleille","status":"publish","type":"post","link":"https:\/\/www.europesays.com\/fr\/296037\/","title":{"rendered":"le d\u00e9but du mois d&rsquo;ao\u00fbt s&rsquo;annonce chaud et ensoleill\u00e9"},"content":{"rendered":"<p>            Par<br \/>\n        <strong><br \/>\n            <a href=\"https:\/\/actu.fr\/auteur\/laure-gentil\" title=\"Consulter tous les articles de Laure Gentil\" rel=\"nofollow noopener\" target=\"_blank\">Laure Gentil<\/a><br \/>\n        <\/strong><\/p>\n<p>        Publi\u00e9 le<\/p>\n<p>            4 ao\u00fbt 2025 \u00e0 16h37        <\/p>\n<p>Si la journ\u00e9e de lundi est radieuse \u00e0 <strong>Nantes<\/strong>, le reste de la semaine s\u2019annonce tout aussi magnifique. Sortez les lunettes de soleil, les casquettes et les bouteilles d\u2019eau, selon les pr\u00e9visions de <strong>M\u00e9t\u00e9o France<\/strong>, ce d\u00e9but du mois d\u2019ao\u00fbt sera estival dans la cit\u00e9 des ducs de Bretagne. La r\u00e9daction d\u2019<a href=\"https:\/\/actu.fr\/nantes\" rel=\"nofollow noopener\" target=\"_blank\">actu Nantes<\/a> fait le point.<\/p>\n<p>Vendredi, la journ\u00e9e la plus chaude<\/p>\n<p class=\" wall-content\">Le soleil sera pr\u00e9sent toute la semaine, indique M\u00e9t\u00e9o France, et ce, m\u00eame le week-end. \u00ab\u2009Mercredi, \u00e7a monte bien et jeudi, encore d\u2019un cran\u2009\u00bb,<a href=\"https:\/\/actu.fr\/meteo\/jusqu-a-38-c-attendus-en-france-cette-semaine-voici-ou-et-quand-il-fera-le-plus-chaud_62994091.html\" rel=\"nofollow noopener\" target=\"_blank\"> indique le m\u00e9t\u00e9orologue Yann Amice \u00e0\u00a0actu.fr.<\/a><\/p>\n<p class=\" wall-content\">Cette <strong>hausse des temp\u00e9ratures<\/strong> est li\u00e9e \u00e0 une phase anticyclonique qui arrivera mercredi, entra\u00eenant une chaleur venue de la p\u00e9ninsule ib\u00e9rique.<\/p>\n<p class=\" wall-content\">\n<p class=\" wall-content\">\u00c0 Nantes, les <strong>temp\u00e9ratures<\/strong> pourront atteindre les 27\u00b0C d\u00e8s mardi, 29\u00b0C mercredi, 32\u00b0C jeudi et <strong>jusqu\u2019\u00e0 33\u00b0c dans l\u2019apr\u00e8s-midi de vendredi<\/strong> (indice de 3\/5 selon M\u00e9t\u00e9o France). Le mercure semble redescendre dans la nuit, le risque de <strong>vigilance canicule<\/strong> ne semble donc pas s\u2019appliquer. Le vent sera par ailleurs presque inexistant.<\/p>\n<p class=\" wall-content\">Pour rappel, les <strong>seuils d\u2019alerte<\/strong> diff\u00e8rent selon les d\u00e9partements. En Loire-Atlantique, l\u2019alerte est donn\u00e9e\u00a0lorsqu\u2019il fait plus de 34\u00a0\u00b0C le jour et 20\u00a0\u00b0C la nuit.<\/p>\n<p class=\" wall-content\">Suivez toute l\u2019actualit\u00e9 de vos villes et m\u00e9dias favoris en vous inscrivant \u00e0 <a href=\"https:\/\/moncompte.actu.fr\" title=\"D\u00e9couvez Mon Actu\" rel=\"nofollow noopener\" data-trk=\"{&quot;cta&quot;:{&quot;action&quot;:&quot;https:\\\/\\\/moncompte.actu.fr&quot;,&quot;category&quot;:&quot;mon compte&quot;,&quot;from&quot;:&quot;article footer&quot;,&quot;name&quot;:&quot;Mon actu&quot;,&quot;type&quot;:&quot;cta&quot;}}\" target=\"_blank\">Mon Actu<\/a>.<\/p>\n<ul class=\"ac-article-tag wall-content\">\n<li><a href=\"https:\/\/actu.fr\/tag\/meteo-france\" data-trk=\"{&quot;cta&quot;:{&quot;action&quot;:&quot;M\\u00e9t\\u00e9o France&quot;,&quot;category&quot;:&quot;tag&quot;,&quot;from&quot;:&quot;article footer&quot;,&quot;name&quot;:&quot;M\\u00e9t\\u00e9o France&quot;,&quot;type&quot;:&quot;cta&quot;}}\" rel=\"nofollow noopener\" target=\"_blank\">#M\u00e9t\u00e9o France<\/a><\/li>\n<li><a href=\"https:\/\/actu.fr\/tag\/vague-de-chaleur\" data-trk=\"{&quot;cta&quot;:{&quot;action&quot;:&quot;Vague de chaleur&quot;,&quot;category&quot;:&quot;tag&quot;,&quot;from&quot;:&quot;article footer&quot;,&quot;name&quot;:&quot;Vague de chaleur&quot;,&quot;type&quot;:&quot;cta&quot;}}\" rel=\"nofollow noopener\" target=\"_blank\">#Vague de chaleur<\/a><\/li>\n<\/ul>\n","protected":false},"excerpt":{"rendered":"Par Laure Gentil Publi\u00e9 le 4 ao\u00fbt 2025 \u00e0 16h37 Si la journ\u00e9e de lundi est radieuse \u00e0&hellip;\n","protected":false},"author":2,"featured_media":296038,"comment_status":"","ping_status":"","sticky":false,"template":"","format":"standard","meta":{"footnotes":""},"categories":[2818],"tags":[1111,11,1777,674,1011,27,2487,2357,766,12,2636,25,15637],"class_list":{"0":"post-296037","1":"post","2":"type-post","3":"status-publish","4":"format-standard","5":"has-post-thumbnail","7":"category-nantes","8":"tag-actu","9":"tag-actualites","10":"tag-eu","11":"tag-europe","12":"tag-fr","13":"tag-france","14":"tag-meteo","15":"tag-meteo-france","16":"tag-nantes","17":"tag-news","18":"tag-pays-de-la-loire","19":"tag-republique-francaise","20":"tag-vague-de-chaleur"},"share_on_mastodon":{"url":"https:\/\/pubeurope.com\/@fr\/114971262593775891","error":""},"_links":{"self":[{"href":"https:\/\/www.europesays.com\/fr\/wp-json\/wp\/v2\/posts\/296037","targetHints":{"allow":["GET"]}}],"collection":[{"href":"https:\/\/www.europesays.com\/fr\/wp-json\/wp\/v2\/posts"}],"about":[{"href":"https:\/\/www.europesays.com\/fr\/wp-json\/wp\/v2\/types\/post"}],"author":[{"embeddable":true,"href":"https:\/\/www.europesays.com\/fr\/wp-json\/wp\/v2\/users\/2"}],"replies":[{"embeddable":true,"href":"https:\/\/www.europesays.com\/fr\/wp-json\/wp\/v2\/comments?post=296037"}],"version-history":[{"count":0,"href":"https:\/\/www.europesays.com\/fr\/wp-json\/wp\/v2\/posts\/296037\/revisions"}],"wp:featuredmedia":[{"embeddable":true,"href":"https:\/\/www.europesays.com\/fr\/wp-json\/wp\/v2\/media\/296038"}],"wp:attachment":[{"href":"https:\/\/www.europesays.com\/fr\/wp-json\/wp\/v2\/media?parent=296037"}],"wp:term":[{"taxonomy":"category","embeddable":true,"href":"https:\/\/www.europesays.com\/fr\/wp-json\/wp\/v2\/categories?post=296037"},{"taxonomy":"post_tag","embeddable":true,"href":"https:\/\/www.europesays.com\/fr\/wp-json\/wp\/v2\/tags?post=296037"}],"curies":[{"name":"wp","href":"https:\/\/api.w.org\/{rel}","templated":true}]}}