{"id":29605,"date":"2025-04-16T16:59:11","date_gmt":"2025-04-16T16:59:11","guid":{"rendered":"https:\/\/www.europesays.com\/fr\/29605\/"},"modified":"2025-04-16T16:59:11","modified_gmt":"2025-04-16T16:59:11","slug":"competences-numeriques-le-congo-sallie-a-la-russie","status":"publish","type":"post","link":"https:\/\/www.europesays.com\/fr\/29605\/","title":{"rendered":"Comp\u00e9tences num\u00e9riques : le Congo s\u2019allie \u00e0 la Russie"},"content":{"rendered":"<p style=\"text-align: justify;\"><strong>En f\u00e9vrier dernier, le gouvernement congolais a entam\u00e9 des discussions avec la Russie en vue d\u2019un partenariat dans le domaine de la transformation num\u00e9rique. La formation de ressources humaines congolaises figurait parmi les axes de coop\u00e9ration envisag\u00e9s.<\/strong><\/p>\n<p class=\"texte\" style=\"text-align: justify;\">Le gouvernement congolais va b\u00e9n\u00e9ficier de l\u2019expertise russe pour doter les citoyens de comp\u00e9tences num\u00e9riques. Un protocole d\u2019accord a \u00e9t\u00e9 sign\u00e9, le mardi 15 avril \u00e0 Marrakech, au Maroc, avec l\u2019\u00c9cole des hautes \u00e9tudes en sciences \u00e9conomiques (EHESE) de Moscou, en marge de la troisi\u00e8me \u00e9dition du Gitex Africa qui prend fin le mercredi 16 avril.<\/p>\n<p class=\"texte\" style=\"text-align: justify;\">\u00ab Pour former dans le cadre du num\u00e9rique, on doit quand m\u00eame b\u00e9n\u00e9ficier de l\u2019expertise num\u00e9rique. Le but de ce m\u00e9morandum est de pouvoir \u00e9changer et avancer d\u2019expertise pour former les jeunes Congolais, parce que l\u2019ambition, c\u2019est de digitaliser toutes les sph\u00e8res de notre administration. Et lorsqu\u2019on parle de digitalisation, si on n\u2019a pas les comp\u00e9tences n\u00e9cessaires, c\u2019est tr\u00e8s difficile \u00bb, a d\u00e9clar\u00e9 L\u00e9on Juste Ibombo (photo), ministre des Postes, des T\u00e9l\u00e9communications et de l\u2019\u00c9conomie num\u00e9rique, aux micros de la cha\u00eene de t\u00e9l\u00e9vision RT.<\/p>\n<p class=\"texte\" style=\"text-align: justify;\">Le gouvernement congolais a fait des comp\u00e9tences num\u00e9riques un des trois piliers de sa strat\u00e9gie de transformation num\u00e9rique avec l\u2019innovation et l\u2019entreprenariat. C\u2019est par exemple dans ce cadre que le pays s\u2019est dot\u00e9 d\u2019un Centre africain de recherche en intelligence artificielle (CARIA) avec l\u2019appui de la Commission \u00e9conomique des Nations unies pour l\u2019Afrique (CEA). En mars, le pays a engag\u00e9 les discussions pour \u00eatre int\u00e9gr\u00e9 au programme Give1project, qui vise \u00e0 former 25 000 jeunes Africains aux comp\u00e9tences num\u00e9riques avec le soutien du Programme des Nations unies pour le d\u00e9veloppement (PNUD), de Microsoft et de la France. Un partenariat a \u00e9galement \u00e9t\u00e9 mis en place avec l\u2019Universit\u00e9 Mohammed VI Polytechnique, entre autres.<\/p>\n<p class=\"texte\" style=\"text-align: justify;\">En mettant l\u2019accent sur la formation, le gouvernement congolais esp\u00e8re non seulement permettre aux citoyens de participer \u00e0 l\u2019\u00e9conomie num\u00e9rique, mais \u00e9galement d\u00e9velopper une main-d\u2019\u0153uvre qualifi\u00e9e pour r\u00e9pondre aux besoins nationaux et r\u00e9gionaux. Par exemple, la Banque mondiale estime que pr\u00e8s de 230 millions d\u2019emplois n\u00e9cessiteront des comp\u00e9tences num\u00e9riques en Afrique subsaharienne d\u2019ici 2030. L\u2019institution de Bretton Woods \u00e9value le taux de ch\u00f4mage des jeunes \u00e0 environ 42 % au Congo, o\u00f9 pr\u00e8s de la moiti\u00e9 de la population a moins de 18 ans.<\/p>\n<p class=\"texte\" style=\"text-align: justify;\">Il convient toutefois de rappeler que les deux parties n\u2019ont, pour l\u2019heure, sign\u00e9 qu\u2019un protocole d\u2019accord, sans en d\u00e9voiler les modalit\u00e9s ni le calendrier de signature de l\u2019accord proprement dit. Plusieurs aspects restent flous, notamment le nombre de b\u00e9n\u00e9ficiaires, les groupes d\u2019\u00e2ge cibl\u00e9s, les crit\u00e8res de s\u00e9lection et les types pr\u00e9cis de comp\u00e9tences num\u00e9riques qui seront enseign\u00e9es. Il faudra donc attendre les d\u00e9veloppements ult\u00e9rieurs pour \u00e9valuer pleinement l\u2019impact et les perspectives r\u00e9elles de ce potentiel partenariat.<\/p>\n<p class=\"texte\" style=\"text-align: justify;\"><strong>Isaac K. Kassouwi<\/strong><\/p>\n<p class=\"texte\" style=\"text-align: justify;\"><strong>Lire aussi:<\/strong><\/p>\n<p class=\"texte\" style=\"text-align: justify;\"><a href=\"https:\/\/www.wearetech.africa\/fr\/fils\/actualites\/tech\/congo-un-partenariat-en-gestation-avec-la-russie-pour-la-transformation-numerique\" rel=\"nofollow noopener\" target=\"_blank\">Congo\u00a0:\u00a0un\u00a0partenariat\u00a0en\u00a0gestation\u00a0avec\u00a0la\u00a0Russie\u00a0pour\u00a0la\u00a0transformation\u00a0num\u00e9rique<\/a><\/p>\n","protected":false},"excerpt":{"rendered":"En f\u00e9vrier dernier, le gouvernement congolais a entam\u00e9 des discussions avec la Russie en vue d\u2019un partenariat dans&hellip;\n","protected":false},"author":2,"featured_media":29606,"comment_status":"","ping_status":"","sticky":false,"template":"","format":"standard","meta":{"footnotes":""},"categories":[1591],"tags":[11,3396,10290,10292,154,1887,151,12,4125,10291,471,1885,1886,132],"class_list":{"0":"post-29605","1":"post","2":"type-post","3":"status-publish","4":"format-standard","5":"has-post-thumbnail","7":"category-russie","8":"tag-actualites","9":"tag-avec","10":"tag-competences","11":"tag-congolais","12":"tag-des","13":"tag-federation-de-russie","14":"tag-les","15":"tag-news","16":"tag-numerique","17":"tag-numeriques","18":"tag-pour","19":"tag-russia","20":"tag-russian-federation","21":"tag-russie"},"share_on_mastodon":{"url":"https:\/\/pubeurope.com\/@fr\/114348711386909312","error":""},"_links":{"self":[{"href":"https:\/\/www.europesays.com\/fr\/wp-json\/wp\/v2\/posts\/29605","targetHints":{"allow":["GET"]}}],"collection":[{"href":"https:\/\/www.europesays.com\/fr\/wp-json\/wp\/v2\/posts"}],"about":[{"href":"https:\/\/www.europesays.com\/fr\/wp-json\/wp\/v2\/types\/post"}],"author":[{"embeddable":true,"href":"https:\/\/www.europesays.com\/fr\/wp-json\/wp\/v2\/users\/2"}],"replies":[{"embeddable":true,"href":"https:\/\/www.europesays.com\/fr\/wp-json\/wp\/v2\/comments?post=29605"}],"version-history":[{"count":0,"href":"https:\/\/www.europesays.com\/fr\/wp-json\/wp\/v2\/posts\/29605\/revisions"}],"wp:featuredmedia":[{"embeddable":true,"href":"https:\/\/www.europesays.com\/fr\/wp-json\/wp\/v2\/media\/29606"}],"wp:attachment":[{"href":"https:\/\/www.europesays.com\/fr\/wp-json\/wp\/v2\/media?parent=29605"}],"wp:term":[{"taxonomy":"category","embeddable":true,"href":"https:\/\/www.europesays.com\/fr\/wp-json\/wp\/v2\/categories?post=29605"},{"taxonomy":"post_tag","embeddable":true,"href":"https:\/\/www.europesays.com\/fr\/wp-json\/wp\/v2\/tags?post=29605"}],"curies":[{"name":"wp","href":"https:\/\/api.w.org\/{rel}","templated":true}]}}