{"id":296052,"date":"2025-08-04T15:50:11","date_gmt":"2025-08-04T15:50:11","guid":{"rendered":"https:\/\/www.europesays.com\/fr\/296052\/"},"modified":"2025-08-04T15:50:11","modified_gmt":"2025-08-04T15:50:11","slug":"deux-personnes-blessees-par-un-chauffard-dans-un-violent-accident-sur-la-corniche","status":"publish","type":"post","link":"https:\/\/www.europesays.com\/fr\/296052\/","title":{"rendered":"deux personnes bless\u00e9es par un chauffard dans un violent accident sur la corniche"},"content":{"rendered":"<p>Un jeune homme et une jeune femme \u00e0 scooter ont \u00e9t\u00e9 bless\u00e9s samedi soir dans une collision avec une voiture. Le chauffard a pris la fuite avant d\u2019\u00eatre interpell\u00e9 par la police.<\/p>\n<p class=\"fig-paragraph\">Un impressionnant accident s\u2019est produit sur la\u00a0<a href=\"http:\/\/www.lefigaro.fr\/marseille\/marseille-une-voiture-devale-la-route-et-termine-sa-course-dans-les-escaliers-de-la-corniche-20240930\" data-fig-type=\"NewsFlash\" data-gtm-custom-categorie=\"navigation\" data-gtm-custom-action=\"crossclick\" data-gtm-custom-label=\"Contextuel\" data-gtm-event=\"customEventSPE\" data-fig-domain=\"LEFIGARO\" target=\"_blank\" rel=\"noopener\">corniche\u00a0<\/a>Kennedy samedi soir vers 23 heures \u00e0 Marseille, a appris Le Figaro aupr\u00e8s des marins-pompiers de la ville, confirmant une information de\u00a0<a href=\"https:\/\/www.laprovence.com\/article\/faits-divers-justice\/5547193304135314\/un-chauffard-a-seme-la-panique-sur-la-corniche-kennedy-a-marseille-et-grievement-blesse-2-personnes\" target=\"_blank\" rel=\"sponsored noopener\" data-gtm-custom-categorie=\"navigation\" data-gtm-custom-action=\"crossclick\" data-gtm-custom-label=\"Contextuel\" data-gtm-event=\"customEventSPE\">La Provence.\u00a0<\/a><\/p>\n<p>Le conducteur a pris la fuite<\/p>\n<p class=\"fig-paragraph\">Lors d\u2019une collision au niveau du 133 avec une voiture roulant \u00e0 grande vitesse, le conducteur d\u2019un deux-roues et sa passag\u00e8re ont \u00e9t\u00e9 bless\u00e9s. Le premier, \u00e2g\u00e9 d\u2019une trentaine d\u2019ann\u00e9es, souffrait de multiples fractures ouvertes.<\/p>\n<p>                                    <a class=\"fig-a11y-skip a11y-hidden\" href=\"#fig-a11y-skip-main-inarticle\"><br \/>\n        Passer la publicit\u00e9<br \/>\n    <\/a><\/p>\n<p class=\"fig-paragraph\">Sa passag\u00e8re, \u00e2g\u00e9e de 22 ans, pr\u00e9sentait une suspicion de fracture au f\u00e9mur. Ils ont \u00e9t\u00e9 tous les deux transport\u00e9s \u00e0 l\u2019h\u00f4pital \u00e0 la\u00a0<a href=\"http:\/\/www.lefigaro.fr\/marseille\/marseille-un-homme-volant-des-patients-de-la-timone-interpelle-20250106\" data-fig-type=\"NewsFlash\" data-gtm-custom-categorie=\"navigation\" data-gtm-custom-action=\"crossclick\" data-gtm-custom-label=\"Contextuel\" data-gtm-event=\"customEventSPE\" data-fig-domain=\"LEFIGARO\" target=\"_blank\" rel=\"noopener\">Timone<\/a>. Le chauffard, de son c\u00f4t\u00e9, a pris la fuite, mais a \u00e9t\u00e9 interpell\u00e9 un peu plus tard par les forces de l\u2019ordre.<\/p>\n","protected":false},"excerpt":{"rendered":"Un jeune homme et une jeune femme \u00e0 scooter ont \u00e9t\u00e9 bless\u00e9s samedi soir dans une collision avec&hellip;\n","protected":false},"author":2,"featured_media":296053,"comment_status":"","ping_status":"","sticky":false,"template":"","format":"standard","meta":{"footnotes":""},"categories":[2814],"tags":[4376,1111,11,1777,674,1011,27,884,3302,12,882,25],"class_list":{"0":"post-296052","1":"post","2":"type-post","3":"status-publish","4":"format-standard","5":"has-post-thumbnail","7":"category-marseille","8":"tag-accident-de-la-route","9":"tag-actu","10":"tag-actualites","11":"tag-eu","12":"tag-europe","13":"tag-fr","14":"tag-france","15":"tag-marseille","16":"tag-motos","17":"tag-news","18":"tag-provence-alpes-cote-dazur","19":"tag-republique-francaise"},"share_on_mastodon":{"url":"https:\/\/pubeurope.com\/@fr\/114971294124040654","error":""},"_links":{"self":[{"href":"https:\/\/www.europesays.com\/fr\/wp-json\/wp\/v2\/posts\/296052","targetHints":{"allow":["GET"]}}],"collection":[{"href":"https:\/\/www.europesays.com\/fr\/wp-json\/wp\/v2\/posts"}],"about":[{"href":"https:\/\/www.europesays.com\/fr\/wp-json\/wp\/v2\/types\/post"}],"author":[{"embeddable":true,"href":"https:\/\/www.europesays.com\/fr\/wp-json\/wp\/v2\/users\/2"}],"replies":[{"embeddable":true,"href":"https:\/\/www.europesays.com\/fr\/wp-json\/wp\/v2\/comments?post=296052"}],"version-history":[{"count":0,"href":"https:\/\/www.europesays.com\/fr\/wp-json\/wp\/v2\/posts\/296052\/revisions"}],"wp:featuredmedia":[{"embeddable":true,"href":"https:\/\/www.europesays.com\/fr\/wp-json\/wp\/v2\/media\/296053"}],"wp:attachment":[{"href":"https:\/\/www.europesays.com\/fr\/wp-json\/wp\/v2\/media?parent=296052"}],"wp:term":[{"taxonomy":"category","embeddable":true,"href":"https:\/\/www.europesays.com\/fr\/wp-json\/wp\/v2\/categories?post=296052"},{"taxonomy":"post_tag","embeddable":true,"href":"https:\/\/www.europesays.com\/fr\/wp-json\/wp\/v2\/tags?post=296052"}],"curies":[{"name":"wp","href":"https:\/\/api.w.org\/{rel}","templated":true}]}}