{"id":296056,"date":"2025-08-04T15:52:11","date_gmt":"2025-08-04T15:52:11","guid":{"rendered":"https:\/\/www.europesays.com\/fr\/296056\/"},"modified":"2025-08-04T15:52:11","modified_gmt":"2025-08-04T15:52:11","slug":"lyon-un-enfant-de-3-ans-retrouve-perdu-et-seul-dans-un-bus-tcl-le-pire-evite","status":"publish","type":"post","link":"https:\/\/www.europesays.com\/fr\/296056\/","title":{"rendered":"Lyon. Un enfant de 3 ans retrouv\u00e9 perdu et seul dans un bus TCL, le pire \u00e9vit\u00e9"},"content":{"rendered":"<p>            Par<br \/>\n        <strong><br \/>\n            <a href=\"https:\/\/actu.fr\/auteur\/redaction-lyon\" title=\"Consulter tous les articles de R\u00e9daction Lyon\" rel=\"nofollow noopener\" target=\"_blank\">R\u00e9daction Lyon<\/a><br \/>\n        <\/strong><\/p>\n<p>        Publi\u00e9 le<\/p>\n<p>            4 ao\u00fbt 2025 \u00e0 17h44        <\/p>\n<p>Une belle frayeur pour une maman et <strong>son enfant de 3 ans<\/strong>. Un jeune gar\u00e7on qui a \u00e9chapp\u00e9 \u00e0 la vigilance de sa m\u00e8re dimanche 3 ao\u00fbt 2024 dans une rue de Vaulx-en-Velin dans la m\u00e9tropole de <a href=\"https:\/\/actu.fr\/auvergne-rhone-alpes\/lyon_69123\" rel=\"nofollow noopener\" target=\"_blank\">Lyon<\/a> a \u00e9t\u00e9 retrouv\u00e9 dans un lieu insolite apr\u00e8s une promenade en solitaire qui aurait pu \u00eatre bien plus grave.\u00a0<\/p>\n<p class=\" wall-content\">Une disparition inqui\u00e9tante a \u00e9t\u00e9 \u00e9vit\u00e9e de justesse dimanche matin a appris actu Lyon de source polici\u00e8re, confirmant <a href=\"https:\/\/www.leprogres.fr\/faits-divers-justice\/2025\/08\/03\/a-3-ans-il-monte-dans-le-bus-tout-seul-et-est-retrouve-par-les-policiers-municipaux\" rel=\"nofollow noopener\" target=\"_blank\">Le Progr\u00e8s<\/a>. La disparition de l\u2019enfant a \u00e9t\u00e9 constat\u00e9e par des agents de surveillance de la voie publique (ASVP) qui ont donn\u00e9 l\u2019alerte. Un \u00e9quipage de renfort de la police municipale est imm\u00e9diatement intervenu, selon nos informations.<\/p>\n<p>    <a href=\"https:\/\/www.google.com\/maps\/embed?pb=!1m18!1m12!1m3!1d167820.87863497878!2d4.940973450197206!3d45.74946485708559!2m3!1f0!2f0!3f0!3m2!1i1024!2i768!4f13.1!3m3!1m2!1s0x47f4c08a64229c19%3A0x42aa10123705eeba!2s69120%20Vaulx-en-Velin!5e0!3m2!1sfr!2sfr!4v1754321178335!5m2!1sfr!2sfr\" title=\"Ouvrie le lien\" rel=\"nofollow noopener\" target=\"_blank\">Cliquez ici pour visualiser le contenu<\/a><\/p>\n<p>Il arrive \u00e0 monter seul dans un bus TCL<\/p>\n<p class=\" wall-content\">Apr\u00e8s des recherches, la police municipale a pu retrouver l\u2019enfant seul sain et sauf. Il avait r\u00e9ussi \u00e0 monter \u00e0 bord d\u2019un bus du <a href=\"https:\/\/actu.fr\/tag\/transports-en-commun-lyonnais-tcl\" rel=\"nofollow noopener\" target=\"_blank\">r\u00e9seau TCL<\/a> et se trouvait d\u00e9j\u00e0 \u00e0 dix minutes de son lieu de disparition.\u00a0<\/p>\n<p class=\" wall-content\">On ignore \u00e0 ce stade comment l\u2019enfant a pu monter seul \u00e0 bord et quelle \u00e9tait sa destination.\u00a0<\/p>\n<p class=\" wall-content\">Suivez toute l\u2019actualit\u00e9 de vos villes et m\u00e9dias favoris en vous inscrivant \u00e0 <a href=\"https:\/\/moncompte.actu.fr\" title=\"D\u00e9couvez Mon Actu\" rel=\"nofollow noopener\" data-trk=\"{&quot;cta&quot;:{&quot;action&quot;:&quot;https:\\\/\\\/moncompte.actu.fr&quot;,&quot;category&quot;:&quot;mon compte&quot;,&quot;from&quot;:&quot;article footer&quot;,&quot;name&quot;:&quot;Mon actu&quot;,&quot;type&quot;:&quot;cta&quot;}}\" target=\"_blank\">Mon Actu<\/a>.<\/p>\n<ul class=\"ac-article-tag wall-content\">\n<li><a href=\"https:\/\/actu.fr\/tag\/police\" data-trk=\"{&quot;cta&quot;:{&quot;action&quot;:&quot;Police&quot;,&quot;category&quot;:&quot;tag&quot;,&quot;from&quot;:&quot;article footer&quot;,&quot;name&quot;:&quot;Police&quot;,&quot;type&quot;:&quot;cta&quot;}}\" rel=\"nofollow noopener\" target=\"_blank\">#Police<\/a><\/li>\n<li><a href=\"https:\/\/actu.fr\/tag\/transports-en-commun-lyonnais-tcl\" data-trk=\"{&quot;cta&quot;:{&quot;action&quot;:&quot;Transports en commun lyonnais (TCL)&quot;,&quot;category&quot;:&quot;tag&quot;,&quot;from&quot;:&quot;article footer&quot;,&quot;name&quot;:&quot;Transports en commun lyonnais (TCL)&quot;,&quot;type&quot;:&quot;cta&quot;}}\" rel=\"nofollow noopener\" target=\"_blank\">#Transports en commun lyonnais (TCL)<\/a><\/li>\n<\/ul>\n","protected":false},"excerpt":{"rendered":"Par R\u00e9daction Lyon Publi\u00e9 le 4 ao\u00fbt 2025 \u00e0 17h44 Une belle frayeur pour une maman et son&hellip;\n","protected":false},"author":2,"featured_media":296057,"comment_status":"","ping_status":"","sticky":false,"template":"","format":"standard","meta":{"footnotes":""},"categories":[1889],"tags":[1111,11,2430,1777,674,118,1011,27,2428,12,1072,25,5787],"class_list":{"0":"post-296056","1":"post","2":"type-post","3":"status-publish","4":"format-standard","5":"has-post-thumbnail","7":"category-lyon","8":"tag-actu","9":"tag-actualites","10":"tag-auvergne-rhone-alpes","11":"tag-eu","12":"tag-europe","13":"tag-faits-divers","14":"tag-fr","15":"tag-france","16":"tag-lyon","17":"tag-news","18":"tag-police","19":"tag-republique-francaise","20":"tag-transports-en-commun-lyonnais-tcl"},"share_on_mastodon":{"url":"https:\/\/pubeurope.com\/@fr\/114971301833432821","error":""},"_links":{"self":[{"href":"https:\/\/www.europesays.com\/fr\/wp-json\/wp\/v2\/posts\/296056","targetHints":{"allow":["GET"]}}],"collection":[{"href":"https:\/\/www.europesays.com\/fr\/wp-json\/wp\/v2\/posts"}],"about":[{"href":"https:\/\/www.europesays.com\/fr\/wp-json\/wp\/v2\/types\/post"}],"author":[{"embeddable":true,"href":"https:\/\/www.europesays.com\/fr\/wp-json\/wp\/v2\/users\/2"}],"replies":[{"embeddable":true,"href":"https:\/\/www.europesays.com\/fr\/wp-json\/wp\/v2\/comments?post=296056"}],"version-history":[{"count":0,"href":"https:\/\/www.europesays.com\/fr\/wp-json\/wp\/v2\/posts\/296056\/revisions"}],"wp:featuredmedia":[{"embeddable":true,"href":"https:\/\/www.europesays.com\/fr\/wp-json\/wp\/v2\/media\/296057"}],"wp:attachment":[{"href":"https:\/\/www.europesays.com\/fr\/wp-json\/wp\/v2\/media?parent=296056"}],"wp:term":[{"taxonomy":"category","embeddable":true,"href":"https:\/\/www.europesays.com\/fr\/wp-json\/wp\/v2\/categories?post=296056"},{"taxonomy":"post_tag","embeddable":true,"href":"https:\/\/www.europesays.com\/fr\/wp-json\/wp\/v2\/tags?post=296056"}],"curies":[{"name":"wp","href":"https:\/\/api.w.org\/{rel}","templated":true}]}}