{"id":296060,"date":"2025-08-04T15:55:10","date_gmt":"2025-08-04T15:55:10","guid":{"rendered":"https:\/\/www.europesays.com\/fr\/296060\/"},"modified":"2025-08-04T15:55:10","modified_gmt":"2025-08-04T15:55:10","slug":"eurostar-supprimes-importants-retards-en-gare-du-nord-la-panne-electrique-sur-le-reseau-sncf-affecte-paris","status":"publish","type":"post","link":"https:\/\/www.europesays.com\/fr\/296060\/","title":{"rendered":"Eurostar supprim\u00e9s, importants retards en gare du Nord&#8230; La panne \u00e9lectrique sur le r\u00e9seau SNCF affecte Paris"},"content":{"rendered":"<p>            Par<br \/>\n        <strong><br \/>\n            <a href=\"https:\/\/actu.fr\/auteur\/redaction-paris\" title=\"Consulter tous les articles de R\u00e9daction Paris\" target=\"_blank\" rel=\"noopener\">R\u00e9daction Paris<\/a><br \/>\n        <\/strong><\/p>\n<p>        Publi\u00e9 le<\/p>\n<p>            4 ao\u00fbt 2025 \u00e0 17h12        <\/p>\n<p>Journ\u00e9e difficile pour les habitu\u00e9s et les touristes qui avaient r\u00e9serv\u00e9 un billet d\u2019Eurostar ce lundi 4\u00a0ao\u00fbt 2025. En raison d\u2019un probl\u00e8me de cat\u00e9naire <a href=\"https:\/\/actu.fr\/hauts-de-france\/lille_59350\/retards-trains-supprimes-un-lundi-noir-sur-la-ligne-tgv-lille-paris_62995320.html\" target=\"_blank\" rel=\"noopener\">survenu entre Moussy et Longueil<\/a>, dans le Nord de la France, plusieurs trains <strong>au d\u00e9part ou \u00e0 l\u2019arriv\u00e9e de Paris<\/strong> ont \u00e9t\u00e9 supprim\u00e9s ou fortement retard\u00e9s.<\/p>\n<p>\u00ab\u2009Proc\u00e9der aux r\u00e9parations\u2009\u00bb<\/p>\n<p class=\" wall-content\">Selon les informations de l\u2019AFP, au moins seize trains Eurostar entre Paris et les villes de <strong>Londres<\/strong>,<strong> Bruxelles<\/strong> et <strong>Amsterdam<\/strong> ont \u00e9t\u00e9 annul\u00e9s, jusqu\u2019\u00e0 19\u00a0heures. Deux trains reliant Paris \u00e0 Bruxelles, partis ce matin, ont fait demi-tour vers leurs gares d\u2019origine, selon l\u2019entreprise franco-britannique.\u00a0La <a href=\"https:\/\/actu.fr\/tag\/sncf\" target=\"_blank\" rel=\"noopener\">SNCF R\u00e9seau<\/a> a annonc\u00e9 que des \u00e9quipes \u00e9taient sur place afin de \u00ab\u2009finaliser leur diagnostic et de proc\u00e9der aux r\u00e9parations\u2009\u00bb.<\/p>\n<p class=\" wall-content\">Dunkerque, Boulogne-sur-Mer, Creil\u2026 En <a href=\"https:\/\/actu.fr\/tag\/gare-du-nord\" target=\"_blank\" rel=\"noopener\">gare du Nord<\/a>, sur le panneau d\u2019affichage, plusieurs trains au d\u00e9part de la capitale \u00e9taient affich\u00e9s avec d\u2019importants retards afin d\u2019\u00eatre <strong>finalement supprim\u00e9s<\/strong>. Dans le sens Nord \u2013 Paris, plusieurs retards, dont certains jusqu\u2019\u00e0 1h30.<\/p>\n<p class=\" wall-content\">Toujours selon l\u2019AFP, la SNCF a mis en place des itin\u00e9raires de <strong>contournement<\/strong> via la ligne classique mais, \u00e0 la mi-journ\u00e9e, l\u2019entreprise ferroviaire n\u2019\u00e9tait pas en mesure d\u2019indiquer jusqu\u2019\u00e0 quand dureraient les perturbations.<\/p>\n<p class=\" wall-content\">Avec AFP.<\/p>\n<p class=\" wall-content\">Suivez toute l\u2019actualit\u00e9 de vos villes et m\u00e9dias favoris en vous inscrivant \u00e0 <a href=\"https:\/\/moncompte.actu.fr\" title=\"D\u00e9couvez Mon Actu\" rel=\"nofollow noopener\" data-trk=\"{&quot;cta&quot;:{&quot;action&quot;:&quot;https:\\\/\\\/moncompte.actu.fr&quot;,&quot;category&quot;:&quot;mon compte&quot;,&quot;from&quot;:&quot;article footer&quot;,&quot;name&quot;:&quot;Mon actu&quot;,&quot;type&quot;:&quot;cta&quot;}}\" target=\"_blank\">Mon Actu<\/a>.<\/p>\n","protected":false},"excerpt":{"rendered":"Par R\u00e9daction Paris Publi\u00e9 le 4 ao\u00fbt 2025 \u00e0 17h12 Journ\u00e9e difficile pour les habitu\u00e9s et les touristes&hellip;\n","protected":false},"author":2,"featured_media":296061,"comment_status":"","ping_status":"","sticky":false,"template":"","format":"standard","meta":{"footnotes":""},"categories":[1888],"tags":[1111,1928,11,1927,1777,674,1011,27,14904,12,1926,626,1925,25,2215,104],"class_list":{"0":"post-296060","1":"post","2":"type-post","3":"status-publish","4":"format-standard","5":"has-post-thumbnail","7":"category-paris","8":"tag-actu","9":"tag-actu-paris","10":"tag-actualites","11":"tag-actualites-paris","12":"tag-eu","13":"tag-europe","14":"tag-fr","15":"tag-france","16":"tag-gare-du-nord","17":"tag-news","18":"tag-news-paris","19":"tag-paris","20":"tag-paris-news","21":"tag-republique-francaise","22":"tag-sncf","23":"tag-societe"},"share_on_mastodon":{"url":"https:\/\/pubeurope.com\/@fr\/114971313786568314","error":""},"_links":{"self":[{"href":"https:\/\/www.europesays.com\/fr\/wp-json\/wp\/v2\/posts\/296060","targetHints":{"allow":["GET"]}}],"collection":[{"href":"https:\/\/www.europesays.com\/fr\/wp-json\/wp\/v2\/posts"}],"about":[{"href":"https:\/\/www.europesays.com\/fr\/wp-json\/wp\/v2\/types\/post"}],"author":[{"embeddable":true,"href":"https:\/\/www.europesays.com\/fr\/wp-json\/wp\/v2\/users\/2"}],"replies":[{"embeddable":true,"href":"https:\/\/www.europesays.com\/fr\/wp-json\/wp\/v2\/comments?post=296060"}],"version-history":[{"count":0,"href":"https:\/\/www.europesays.com\/fr\/wp-json\/wp\/v2\/posts\/296060\/revisions"}],"wp:featuredmedia":[{"embeddable":true,"href":"https:\/\/www.europesays.com\/fr\/wp-json\/wp\/v2\/media\/296061"}],"wp:attachment":[{"href":"https:\/\/www.europesays.com\/fr\/wp-json\/wp\/v2\/media?parent=296060"}],"wp:term":[{"taxonomy":"category","embeddable":true,"href":"https:\/\/www.europesays.com\/fr\/wp-json\/wp\/v2\/categories?post=296060"},{"taxonomy":"post_tag","embeddable":true,"href":"https:\/\/www.europesays.com\/fr\/wp-json\/wp\/v2\/tags?post=296060"}],"curies":[{"name":"wp","href":"https:\/\/api.w.org\/{rel}","templated":true}]}}