{"id":296062,"date":"2025-08-04T15:56:11","date_gmt":"2025-08-04T15:56:11","guid":{"rendered":"https:\/\/www.europesays.com\/fr\/296062\/"},"modified":"2025-08-04T15:56:11","modified_gmt":"2025-08-04T15:56:11","slug":"xavier-belin-pleonasme-saison-4-speciale-tambours-le-baiser-sale-paris-17-decembre-2025","status":"publish","type":"post","link":"https:\/\/www.europesays.com\/fr\/296062\/","title":{"rendered":"Xavier Belin- Pl\u00e9onasme saison 4 sp\u00e9ciale tambours Le Baiser Sal\u00e9 Paris 17 d\u00e9cembre 2025"},"content":{"rendered":"\n<p>\t<img loading=\"lazy\" width=\"1200\" height=\"750\" src=\"data:image\/svg+xml,%3Csvg%20xmlns=\" http:=\"\" class=\"attachment-full size-full wp-post-image\" alt=\"#JazzDeDemain\u00a0: Xavier Belin- Pl\u00e9onasme saison 4 sp\u00e9ciale tambours Le Baiser Sal\u00e9  Paris\" decoding=\"async\" data-lazy- data-lazy- data-lazy-src=\"https:\/\/www.europesays.com\/fr\/wp-content\/uploads\/2025\/08\/jazzdedemain-xavier-belin-pleonasme-saison-4-speciale-tambours-le-baiser-sale-paris-2025-12-17t22000.jpeg\"\/><br \/>\n\t\t<strong>#JazzDeDemain\u00a0: Xavier Belin- Pl\u00e9onasme saison 4 sp\u00e9ciale tambours Le Baiser Sal\u00e9  Paris mercredi 17 d\u00e9cembre 2025.<\/strong> <\/p>\n<p>\u00ab\u00a0Les Termes \u00ab\u00a0jazz carib\u00e9en\u00a0\u00bb, \u00ab\u00a0jazz cr\u00e9ole\u00a0\u00bb, \u00ab\u00a0jazz afro descendant\u00a0\u00bb ou encore \u00ab\u00a0jazz woucikam\u00a0\u00bb on \u00e9t\u00e9 souvent utilis\u00e9 pour d\u00e9finir ma musique. Selon moi ces termes sont des pl\u00e9onasmes mais ils sont \u00e9galement les plus adapt\u00e9s pour d\u00e9terminer mes influences musicales et la musique que je cr\u00e9e.\u00a0\u00bb<\/p>\n<p>Pl\u00e9onasme, c\u2019est le nom que Xavier Belin a choisi pour un projet musical \u00e0 facettes multiples, en constante \u00e9volution. Au fil des saisons, Pl\u00e9onasme est devenu un laboratoire musical libre, o\u00f9 s\u2019inventent des formes, des rencontres, des mati\u00e8res sonores qui \u00e9chappent aux cadres habituels. Chaque \u00e9dition explore un nouveau terrain. Pour cette 4e saison, Xavier Belin place les tambours au centre du jeu. Une invitation \u00e0 d\u00e9couvrir et entendre autrement les tambours.<\/p>\n<p>Tambour Ka, vaudou, ha\u00eftien, guyanais, am\u00e9rindien\u00a0: tous ont leur langage, leur timbre, leur souffle. Ce sont des instruments de lutte, de rituel, de lien. A la fois des outils de communication, de m\u00e9moire et de cr\u00e9ation. A travers eux, les musiciens explorent un r\u00e9pertoire m\u00ealant reprises revisit\u00e9es, improvisations collectives et rythmiques nouvelles, nourries de l\u2019\u00e9nergie brute du trio. La r\u00e9sidence au Baiser Sal\u00e9 sera l\u2019occasion de faire \u00e9voluer cette mati\u00e8re sonore au fil du temps. Pas un concert fig\u00e9, mais une s\u00e9rie de rendez-vous o\u00f9 le projet respire, se transforme, s\u2019affine. Une fa\u00e7on de construire la musique en public, dans l\u2019\u00e9coute, l\u2019intensit\u00e9 et le jeu.<\/p>\n<p>Depuis 15 ans, #JazzDeDemain offre aux jeunes artistes l\u2019opportunit\u00e9 de se produire sur sc\u00e8ne et peaufiner leur r\u00e9pertoire aupr\u00e8s du public, \u00e0 travers une s\u00e9rie de r\u00e9sidences mensuelles et bimestrielles. C\u2019est un espace prometteur et dynamique o\u00f9 la cr\u00e9ativit\u00e9 et l\u2019\u00e9mulation sont sans limites. #SoyezCurieux\u00a0!<\/p>\n<p>Pour cette 4e \u00e9dition, Xavier met les tambours au c\u0153ur d\u2019un trio vivant et inventif, entre rythmes nouveaux, reprises revisit\u00e9es et dialogue entre cultures.<br \/>Le mercredi 17 d\u00e9cembre 2025<br \/>de 21h00 \u00e0 23h30<br \/>payant Tarif sur place : 25 EUR&#13;<br \/>Tarif Web : 18 EUR&#13;<br \/>Tarif Paris Jazz Club : 13 EUR&#13;<br \/>Tarif Jeune : 10 EUR Tout public.<\/p>\n<p>Horaire : ann\u00e9e-mois-jour-heure<br \/>d\u00e9but : 2025-12-17T22:00:00+01:00<br \/>fin : 2025-12-18T00:30:00+01:00<br \/>Date(s) : 2025-12-17T21:00:00+02:00_2025-12-17T23:30:00+02:00<\/p>\n<p>Le Baiser Sal\u00e9 58 Rue des Lombards\u00a0 75001 Le Baiser Sal\u00e9, au c\u0153ur de Ch\u00e2telet dans la rue des Lombards, vous accueille \u00e0 son bar ou sur sa terrasse afin de siroter un de ses nombreux cocktails aux saveurs carib\u00e9ennes !Paris<br \/>https:\/\/www.lebaisersale.com\/   https:\/\/www.facebook.com\/lebaisersale\/ https:\/\/www.facebook.com\/lebaisersale\/   <\/p>\n","protected":false},"excerpt":{"rendered":"#JazzDeDemain\u00a0: Xavier Belin- Pl\u00e9onasme saison 4 sp\u00e9ciale tambours Le Baiser Sal\u00e9 Paris mercredi 17 d\u00e9cembre 2025. \u00ab\u00a0Les Termes&hellip;\n","protected":false},"author":2,"featured_media":296063,"comment_status":"","ping_status":"","sticky":false,"template":"","format":"standard","meta":{"footnotes":""},"categories":[1888],"tags":[1111,1928,11,1927,1777,674,1011,27,12,1926,626,1925,25],"class_list":{"0":"post-296062","1":"post","2":"type-post","3":"status-publish","4":"format-standard","5":"has-post-thumbnail","7":"category-paris","8":"tag-actu","9":"tag-actu-paris","10":"tag-actualites","11":"tag-actualites-paris","12":"tag-eu","13":"tag-europe","14":"tag-fr","15":"tag-france","16":"tag-news","17":"tag-news-paris","18":"tag-paris","19":"tag-paris-news","20":"tag-republique-francaise"},"share_on_mastodon":{"url":"https:\/\/pubeurope.com\/@fr\/114971317862188498","error":""},"_links":{"self":[{"href":"https:\/\/www.europesays.com\/fr\/wp-json\/wp\/v2\/posts\/296062","targetHints":{"allow":["GET"]}}],"collection":[{"href":"https:\/\/www.europesays.com\/fr\/wp-json\/wp\/v2\/posts"}],"about":[{"href":"https:\/\/www.europesays.com\/fr\/wp-json\/wp\/v2\/types\/post"}],"author":[{"embeddable":true,"href":"https:\/\/www.europesays.com\/fr\/wp-json\/wp\/v2\/users\/2"}],"replies":[{"embeddable":true,"href":"https:\/\/www.europesays.com\/fr\/wp-json\/wp\/v2\/comments?post=296062"}],"version-history":[{"count":0,"href":"https:\/\/www.europesays.com\/fr\/wp-json\/wp\/v2\/posts\/296062\/revisions"}],"wp:featuredmedia":[{"embeddable":true,"href":"https:\/\/www.europesays.com\/fr\/wp-json\/wp\/v2\/media\/296063"}],"wp:attachment":[{"href":"https:\/\/www.europesays.com\/fr\/wp-json\/wp\/v2\/media?parent=296062"}],"wp:term":[{"taxonomy":"category","embeddable":true,"href":"https:\/\/www.europesays.com\/fr\/wp-json\/wp\/v2\/categories?post=296062"},{"taxonomy":"post_tag","embeddable":true,"href":"https:\/\/www.europesays.com\/fr\/wp-json\/wp\/v2\/tags?post=296062"}],"curies":[{"name":"wp","href":"https:\/\/api.w.org\/{rel}","templated":true}]}}