{"id":296068,"date":"2025-08-04T15:59:09","date_gmt":"2025-08-04T15:59:09","guid":{"rendered":"https:\/\/www.europesays.com\/fr\/296068\/"},"modified":"2025-08-04T15:59:09","modified_gmt":"2025-08-04T15:59:09","slug":"lemissaire-de-trump-attendu-en-russie-pour-une-visite-importante","status":"publish","type":"post","link":"https:\/\/www.europesays.com\/fr\/296068\/","title":{"rendered":"l&rsquo;\u00e9missaire de Trump attendu en Russie pour une visite \u00ab\u00a0importante\u00a0\u00bb"},"content":{"rendered":"<p>L&rsquo;\u00e9missaire de Donald Trump, Steve Witkoff, est attendu en Russie en milieu de semaine pour une visite jug\u00e9e lundi \u00ab\u00a0importante\u00a0\u00bb par le Kremlin, \u00e0 quelques jours de l&rsquo;expiration de l&rsquo;ultimatum pos\u00e9 par le pr\u00e9sident am\u00e9ricain \u00e0 son homologue russe pour qu&rsquo;il arr\u00eate son offensive en Ukraine.<\/p>\n<p>Les relations entre Moscou et Washington connaissent depuis la semaine derni\u00e8re un soudain pic de tensions avec le d\u00e9ploiement par M. Trump de deux sous-marins nucl\u00e9aires, \u00e0 la suite d&rsquo;une dispute en ligne avec l&rsquo;ancien pr\u00e9sident russe Dmitri Medvedev.<\/p>\n<p>La visite de M. Witkoff en Russie aura lieu \u00ab\u00a0mercredi ou jeudi\u00a0\u00bb, selon le pr\u00e9sident am\u00e9ricain.<\/p>\n<p>\u00ab\u00a0Nous sommes toujours heureux de voir M. Witkoff \u00e0 Moscou et toujours ravis d&rsquo;\u00eatre en contact avec lui. Nous pensons que ces contacts sont importants, constructifs et utiles\u00a0\u00bb, a d\u00e9clar\u00e9 lundi le porte-parole de la pr\u00e9sidence russe, Dmitri Peskov.<\/p>\n<p>Selon lui, une rencontre avec Vladimir Poutine n&rsquo;est \u00ab\u00a0pas exclue\u00a0\u00bb.<\/p>\n<p><a href=\"\" title=\"\"\/> <a href=\"#photo1\" title=\"\"\/> <a href=\"https:\/\/www.notretemps.com\/..\/video\/jpg\/e1f10063-279b-464b-9b78-cee8180dd2e2.jpg\" title=\"jpeg\" rel=\"nofollow noopener\" target=\"_blank\"> <a href=\"https:\/\/www.notretemps.com\/..\/video\/mpg\/e1f10063-279b-464b-9b78-cee8180dd2e2.1280x720.mp4\" title=\"Mpeg4-1280x720\" rel=\"nofollow noopener\" target=\"_blank\"> Le pr\u00e9sident russe a rencontr\u00e9 Steve Witkoff \u00e0 plusieurs reprises \u00e0 Moscou, mais les efforts de Donald Trump pour r\u00e9tablir le dialogue avec le Kremlin n&rsquo;ont pas port\u00e9 de fruits.<\/p>\n<p>Le dirigeant am\u00e9ricain a donn\u00e9 la semaine derni\u00e8re 10 jours, soit jusqu&rsquo;\u00e0 vendredi prochain, \u00e0 la Russie pour qu&rsquo;elle mette fin \u00e0 son offensive en Ukraine, sous peine de nouvelles sanctions non pr\u00e9cis\u00e9es.<\/p>\n<p>&#8211; \u00ab\u00a0Grande prudence\u00a0\u00bb &#8211;<\/p>\n<p>Dans une d\u00e9monstration de force apparente, M. Trump a annonc\u00e9 vendredi le d\u00e9ploiement de deux sous-marins en r\u00e9ponse \u00e0 des d\u00e9clarations jug\u00e9es provocatrices de M. Medvedev. Il n&rsquo;a pas pr\u00e9cis\u00e9 o\u00f9 ils ont \u00e9t\u00e9 d\u00e9ploy\u00e9s, ni s&rsquo;il s&rsquo;agissait de sous-marins \u00e0 simple propulsion nucl\u00e9aire ou de sous-marins \u00e9quip\u00e9s d&rsquo;ogives nucl\u00e9aires.<\/p>\n<p>R\u00e9agissant \u00e0 ce d\u00e9ploiement, Dmitri Peskov a appel\u00e9 lundi \u00ab\u00a0tout le monde (\u00e0) faire preuve d&rsquo;une grande prudence dans ses d\u00e9clarations sur le nucl\u00e9aire\u00a0\u00bb.<\/p>\n<p>Estimant que ces deux sous-marins \u00e9taient \u00ab\u00a0d\u00e9j\u00e0 en service\u00a0\u00bb en permanence, il a indiqu\u00e9 que Moscou ne souhaitait pas se \u00ab\u00a0laisser entra\u00eener dans une telle pol\u00e9mique\u00a0\u00bb.<\/p>\n<p>Le chef de cabinet du pr\u00e9sident ukrainien Volodymyr Zelensky, Andri\u00ef Iermak, a lui estim\u00e9 que \u00ab\u00a0la Russie ne comprend qu&rsquo;une chose: la force\u00a0\u00bb.<\/p>\n<p>Donald Trump, qui avait entam\u00e9 son deuxi\u00e8me mandat d\u00e9but 2025 en se targuant de pouvoir arr\u00eater le conflit en Ukraine en quelques jours, exprime de plus en plus ouvertement sa frustration \u00e0 l&rsquo;\u00e9gard de Vladimir Poutine.<\/p>\n<p>Aux journalistes qui lui demandaient quel serait le message de M. Witkoff \u00e0 Moscou et s&rsquo;il y avait un moyen pour la Russie d&rsquo;\u00e9viter les sanctions, Trump a r\u00e9pondu: \u00ab\u00a0Oui, conclure un accord pour que les gens cessent d&rsquo;\u00eatre tu\u00e9s.\u00a0\u00bb<\/p>\n<p>M. Trump a menac\u00e9 d&rsquo;infliger des \u00ab\u00a0droits de douane secondaires\u00a0\u00bb aux pays qui continuent de faire commerce avec la Russie, tels que la Chine et l&rsquo;Inde.<\/p>\n<p>&#8211; Conditions irr\u00e9conciliables &#8211;<\/p>\n<p>Malgr\u00e9 la pression exerc\u00e9e par Washington, l&rsquo;offensive russe contre son voisin se poursuit. La Russie a tir\u00e9 au cours de la nuit 162 drones et un missile sur l&rsquo;Ukraine, dont la quasi-totalit\u00e9 ont \u00e9t\u00e9 abattus, a indiqu\u00e9 lundi l&rsquo;arm\u00e9e de l&rsquo;air ukrainienne.<\/p>\n<p>Quatres personnes ont \u00e9t\u00e9 tu\u00e9es dans des bombardements russes dans la r\u00e9gion de Zaporijjia (sud), selon les autorit\u00e9s locales.<\/p>\n<p>C\u00f4t\u00e9 russe, une attaque de drones ukrainiens a provoqu\u00e9 un incendie dans un d\u00e9p\u00f4t p\u00e9trolier de Sotchi, cit\u00e9 baln\u00e9aire qui a accueilli les Jeux olympiques de 2014, selon les autorit\u00e9s locales.<\/p>\n<p>Volodymyr Zelensky s&rsquo;est lui rendu pr\u00e8s du front dans la r\u00e9gion de Kharkiv (nord-est). Il a indiqu\u00e9 sur les r\u00e9seaux sociaux avoir rencontr\u00e9 des unit\u00e9s d\u00e9ploy\u00e9es pr\u00e8s de Vovtchansk, situ\u00e9e \u00e0 cinq kilom\u00e8tres de la fronti\u00e8re russe et quasiment ras\u00e9e par les combats.<\/p>\n<p>Vladimir Poutine, qui a toujours rejet\u00e9 les appels \u00e0 un cessez-le-feu temporaire, a affirm\u00e9 vendredi qu&rsquo;il souhaitait la paix, mais que ses exigences pour mettre fin au conflit lanc\u00e9 en f\u00e9vrier 2022 restaient inchang\u00e9es.<\/p>\n<p>La Russie exige que l&rsquo;Ukraine lui c\u00e8de quatre r\u00e9gions partiellement occup\u00e9es (Donetsk, Lougansk, Zaporijjia, Kherson), en plus de la Crim\u00e9e annex\u00e9e en 2014, et qu&rsquo;elle renonce aux livraisons d&rsquo;armes occidentales et \u00e0 toute adh\u00e9sion \u00e0 l&rsquo;Otan.<\/p>\n<p>Des conditions inacceptables pour Kiev, qui veut le retrait des troupes russes et des garanties de s\u00e9curit\u00e9 occidentales, dont la poursuite des livraisons d&rsquo;armes et le d\u00e9ploiement d&rsquo;un contingent europ\u00e9en.<\/p>\n<p>bur-jgc-roc-pop\/mby\/cls<\/p>\n","protected":false},"excerpt":{"rendered":"L&rsquo;\u00e9missaire de Donald Trump, Steve Witkoff, est attendu en Russie en milieu de semaine pour une visite jug\u00e9e&hellip;\n","protected":false},"author":2,"featured_media":296069,"comment_status":"","ping_status":"","sticky":false,"template":"","format":"standard","meta":{"footnotes":""},"categories":[1591],"tags":[11,1887,12,1885,1886,132],"class_list":{"0":"post-296068","1":"post","2":"type-post","3":"status-publish","4":"format-standard","5":"has-post-thumbnail","7":"category-russie","8":"tag-actualites","9":"tag-federation-de-russie","10":"tag-news","11":"tag-russia","12":"tag-russian-federation","13":"tag-russie"},"share_on_mastodon":{"url":"https:\/\/pubeurope.com\/@fr\/114971329541882993","error":""},"_links":{"self":[{"href":"https:\/\/www.europesays.com\/fr\/wp-json\/wp\/v2\/posts\/296068","targetHints":{"allow":["GET"]}}],"collection":[{"href":"https:\/\/www.europesays.com\/fr\/wp-json\/wp\/v2\/posts"}],"about":[{"href":"https:\/\/www.europesays.com\/fr\/wp-json\/wp\/v2\/types\/post"}],"author":[{"embeddable":true,"href":"https:\/\/www.europesays.com\/fr\/wp-json\/wp\/v2\/users\/2"}],"replies":[{"embeddable":true,"href":"https:\/\/www.europesays.com\/fr\/wp-json\/wp\/v2\/comments?post=296068"}],"version-history":[{"count":0,"href":"https:\/\/www.europesays.com\/fr\/wp-json\/wp\/v2\/posts\/296068\/revisions"}],"wp:featuredmedia":[{"embeddable":true,"href":"https:\/\/www.europesays.com\/fr\/wp-json\/wp\/v2\/media\/296069"}],"wp:attachment":[{"href":"https:\/\/www.europesays.com\/fr\/wp-json\/wp\/v2\/media?parent=296068"}],"wp:term":[{"taxonomy":"category","embeddable":true,"href":"https:\/\/www.europesays.com\/fr\/wp-json\/wp\/v2\/categories?post=296068"},{"taxonomy":"post_tag","embeddable":true,"href":"https:\/\/www.europesays.com\/fr\/wp-json\/wp\/v2\/tags?post=296068"}],"curies":[{"name":"wp","href":"https:\/\/api.w.org\/{rel}","templated":true}]}}