{"id":296070,"date":"2025-08-04T16:00:10","date_gmt":"2025-08-04T16:00:10","guid":{"rendered":"https:\/\/www.europesays.com\/fr\/296070\/"},"modified":"2025-08-04T16:00:10","modified_gmt":"2025-08-04T16:00:10","slug":"en-attendant-la-fin-de-lultimatum-americain-moscou-et-kiev-multiplient-les-frappes","status":"publish","type":"post","link":"https:\/\/www.europesays.com\/fr\/296070\/","title":{"rendered":"En attendant la fin de l\u2019ultimatum am\u00e9ricain, Moscou et Kiev multiplient les frappes"},"content":{"rendered":"\n<p>\u201cDans la nuit du dimanche au lundi 4\u00a0ao\u00fbt, <a class=\"ithalc\" data-ithal=\"lien_externe\" data-ithalc=\"[nav_article]\" target=\"_blank\" href=\"https:\/\/war.obozrevatel.com\/ukr\/rosiya-zapustila-po-ukraini-ponad-droniv-zbito-tsilej-e-vluchannya-u-lokatsiyah.htm\" rel=\"noopener\">\u00e9crit le site d\u2019information <strong>Obozrevatel<\/strong><\/a><strong>,<\/strong> les forces de d\u00e9fense ukrainiennes ont neutralis\u00e9 161\u00a0drones sur 162 de diff\u00e9rents types. Dans le m\u00eame temps, la F\u00e9d\u00e9ration de Russie, le pays agresseur, a lanc\u00e9 une salve de missiles balistiques.\u201d<\/p>\n<p>Plus g\u00e9n\u00e9ralement, le mois de juillet et les premiers jours d\u2019ao\u00fbt ont \u00e9t\u00e9 particuli\u00e8rement \u00e9prouvants pour les grandes agglom\u00e9rations du pays, qui subissent une pluie quotidienne de missiles et de drones. Le 31\u00a0juillet, c\u2019est la capitale ukrainienne qui a souffert, quand <a class=\"ithalc\" data-ithal=\"lien_externe\" data-ithalc=\"[nav_article]\" target=\"_blank\" href=\"https:\/\/www.bbc.com\/news\/articles\/ce930z8g9mvo\" rel=\"noopener\">des tirs de missiles et de drones russes<\/a> ont caus\u00e9 la mort d\u2019une trentaine de personnes et fait plus d\u2019une centaine de bless\u00e9s.<\/p>\n<p>La r\u00e9gion de Zaporijjia a, elle aussi, \u00e9t\u00e9 vis\u00e9e, <a class=\"ithalc\" data-ithal=\"lien_externe\" data-ithalc=\"[nav_article]\" target=\"_blank\" href=\"https:\/\/suspilne.media\/zaporizhzhia\/1082285-na-zaporizzi-armia-rf-zavdala-405-udariv-po-teritorii-10-naselenih-punktiv-e-zagibli\/\" rel=\"noopener\">rapporte sur son site la cha\u00eene de t\u00e9l\u00e9vision <strong>Souspiln\u00e9<\/strong><\/a><strong>.<\/strong> \u201cDans la journ\u00e9e du 3\u00a0ao\u00fbt, l\u2019arm\u00e9e russe a lanc\u00e9 405\u00a0frappes sur 10\u00a0localit\u00e9s de la r\u00e9gion. Trois personnes ont \u00e9t\u00e9 tu\u00e9es.\u201d<\/p>\n<p> Kiev r\u00e9plique <\/p>\n<p>Quelques jours plus t\u00f4t, le 28\u00a0juillet, <a class=\"ithalc\" data-ithal=\"lien_externe\" data-ithalc=\"[nav_article]\" target=\"_blank\" href=\"https:\/\/www.ukrainianworldcongress.org\/twenty-killed-in-russian-strikes-in-zaporizhzhia-and-dnipropetrovsk-region\/\" rel=\"noopener\">d\u00e9plore sur son site le Congr\u00e8s mondial ukrainien<\/a>, \u201cune vingtaine de personnes ont trouv\u00e9 la mort et plus de\u00a040 ont \u00e9t\u00e9 bless\u00e9es\u201d dans des frappes sur tout le pays. Le lendemain, le 29\u00a0juillet, \u201cla Russie a tir\u00e9 des missiles balistiques sur la ville de Kamiansk\u00e9, dans la r\u00e9gion de Dnipropetrovsk. La frappe a d\u00e9truit en partie un<\/p>\n","protected":false},"excerpt":{"rendered":"\u201cDans la nuit du dimanche au lundi 4\u00a0ao\u00fbt, \u00e9crit le site d\u2019information Obozrevatel, les forces de d\u00e9fense ukrainiennes&hellip;\n","protected":false},"author":2,"featured_media":296071,"comment_status":"","ping_status":"","sticky":false,"template":"","format":"standard","meta":{"footnotes":""},"categories":[1590],"tags":[11,1777,674,1892,131,12,132,220],"class_list":{"0":"post-296070","1":"post","2":"type-post","3":"status-publish","4":"format-standard","5":"has-post-thumbnail","7":"category-ukraine","8":"tag-actualites","9":"tag-eu","10":"tag-europe","11":"tag-gu00e9opolitique","12":"tag-guerre-en-ukraine","13":"tag-news","14":"tag-russie","15":"tag-ukraine"},"share_on_mastodon":{"url":"https:\/\/pubeurope.com\/@fr\/114971333348550491","error":""},"_links":{"self":[{"href":"https:\/\/www.europesays.com\/fr\/wp-json\/wp\/v2\/posts\/296070","targetHints":{"allow":["GET"]}}],"collection":[{"href":"https:\/\/www.europesays.com\/fr\/wp-json\/wp\/v2\/posts"}],"about":[{"href":"https:\/\/www.europesays.com\/fr\/wp-json\/wp\/v2\/types\/post"}],"author":[{"embeddable":true,"href":"https:\/\/www.europesays.com\/fr\/wp-json\/wp\/v2\/users\/2"}],"replies":[{"embeddable":true,"href":"https:\/\/www.europesays.com\/fr\/wp-json\/wp\/v2\/comments?post=296070"}],"version-history":[{"count":0,"href":"https:\/\/www.europesays.com\/fr\/wp-json\/wp\/v2\/posts\/296070\/revisions"}],"wp:featuredmedia":[{"embeddable":true,"href":"https:\/\/www.europesays.com\/fr\/wp-json\/wp\/v2\/media\/296071"}],"wp:attachment":[{"href":"https:\/\/www.europesays.com\/fr\/wp-json\/wp\/v2\/media?parent=296070"}],"wp:term":[{"taxonomy":"category","embeddable":true,"href":"https:\/\/www.europesays.com\/fr\/wp-json\/wp\/v2\/categories?post=296070"},{"taxonomy":"post_tag","embeddable":true,"href":"https:\/\/www.europesays.com\/fr\/wp-json\/wp\/v2\/tags?post=296070"}],"curies":[{"name":"wp","href":"https:\/\/api.w.org\/{rel}","templated":true}]}}