{"id":296072,"date":"2025-08-04T16:01:11","date_gmt":"2025-08-04T16:01:11","guid":{"rendered":"https:\/\/www.europesays.com\/fr\/296072\/"},"modified":"2025-08-04T16:01:11","modified_gmt":"2025-08-04T16:01:11","slug":"selon-liran-les-etats-unis-doivent-rendre-des-comptes-pour-le-bombardement-des-installations-nucleaires","status":"publish","type":"post","link":"https:\/\/www.europesays.com\/fr\/296072\/","title":{"rendered":"Selon l\u2019Iran, les Etats-Unis doivent \u00ab\u00a0rendre des comptes\u00a0\u00bb pour le bombardement des installations nucl\u00e9aires"},"content":{"rendered":"<p>                          <img loading=\"lazy\" decoding=\"async\" src=\"https:\/\/www.europesays.com\/fr\/wp-content\/uploads\/2025\/08\/877ecba_ftp-import-images-1-4xfpgwyj5jp2-5242367-01-06.jpg\" alt=\"L\u2019entr\u00e9e d\u2019un tunnel proche de l\u2019usine d\u2019enrichissement nucl\u00e9aire d\u2019Ispahan, dans le centre de l\u2019Iran, \u00e0 la suite des bombardements am\u00e9ricains sur la r\u00e9gion, le 24\u00a0juin\u00a02025.\"   width=\"664\" height=\"443\"\/>    L\u2019entr\u00e9e d\u2019un tunnel proche de l\u2019usine d\u2019enrichissement nucl\u00e9aire d\u2019Ispahan, dans le centre de l\u2019Iran, \u00e0 la suite des bombardements am\u00e9ricains sur la r\u00e9gion, le 24\u00a0juin\u00a02025.  AFP PHOTO\/ SATELLITE IMAGE \u00a92025 MAXAR TECHNOLOGIES                   <\/p>\n<p class=\"article__paragraph  \">T\u00e9h\u00e9ran attend des Etats-Unis, en cas de reprise des n\u00e9gociations, qu\u2019ils rendent des comptes et versent des d\u00e9dommagements pour leurs attaques sur des sites nucl\u00e9aires iraniens, a d\u00e9clar\u00e9 lundi 4\u00a0ao\u00fbt un haut responsable, tout en excluant des pourparlers directs avec Washington. En juin, Isra\u00ebl avait lanc\u00e9 une offensive sans pr\u00e9c\u00e9dent contre l\u2019Iran et notamment ses infrastructures nucl\u00e9aires. Les Etats-Unis \u00e9taient intervenus en bombardant des sites nucl\u00e9aires iraniens.<\/p>\n<p class=\"article__paragraph  \">\u00ab\u00a0En cas de potentielles n\u00e9gociations (\u2026), un des sujets \u00e0 l\u2019ordre du jour concernera le besoin de faire rendre des comptes aux Etats-Unis et de r\u00e9clamer des d\u00e9dommagements pour l\u2019agression militaire contre les installations nucl\u00e9aires pacifiques de l\u2019Iran\u00a0\u00bb, a affirm\u00e9 en conf\u00e9rence de presse le porte-parole de la diplomatie iranienne, Esmaeil Baghaei. Interrog\u00e9 sur l\u2019\u00e9ventualit\u00e9 de pourparlers directs, il a r\u00e9pondu\u00a0: \u00ab\u00a0Non.\u00a0\u00bb Washington avait d\u00e9j\u00e0 qualifi\u00e9 de \u00ab\u00a0ridicule\u00a0\u00bb la demande de compensations attendues par T\u00e9h\u00e9ran.<\/p>\n<p class=\"article__paragraph  \">L\u2019Etat h\u00e9breu a lanc\u00e9 le 13\u00a0juin son attaque contre l\u2019Iran au cours de laquelle il a bombard\u00e9 pendant plusieurs jours des sites militaires, nucl\u00e9aires ainsi que des zones habit\u00e9es, tuant plus de 1\u00a0000\u00a0personnes. Les repr\u00e9sailles iraniennes contre Isra\u00ebl ont fait 29\u00a0morts.<\/p>\n<p>                                Lire aussi |  Article r\u00e9serv\u00e9 \u00e0 nos abonn\u00e9s  <a href=\"https:\/\/www.lemonde.fr\/international\/article\/2025\/07\/25\/nucleaire-iranien-les-europeens-misent-sur-la-menace-du-snapback-pour-faire-revenir-teheran-dans-le-rang_6623866_3210.html\" class=\"js-article-read-also catcher--favoris__link\" data-premium=\"1\" id=\"article-title-3432665\" rel=\"nofollow noopener\" target=\"_blank\">Nucl\u00e9aire iranien\u00a0: les Europ\u00e9ens misent sur la menace du \u00ab\u00a0snapback\u00a0\u00bb pour faire revenir T\u00e9h\u00e9ran dans le rang<\/a>    <\/p>\n<p>   Lire plus tard  <\/p>\n<p>                   Le directeur adjoint de l\u2019AIEA attendu en Iran             <\/p>\n<p class=\"article__paragraph  \">T\u00e9h\u00e9ran et Washington \u00e9taient engag\u00e9s dans des n\u00e9gociations en vue de conclure un nouvel accord sur le programme nucl\u00e9aire iranien quand Isra\u00ebl a lanc\u00e9 son offensive, avec comme objectif affich\u00e9 d\u2019emp\u00eacher son ennemi de se doter de la bombe atomique. T\u00e9h\u00e9ran a toujours r\u00e9fut\u00e9 avoir de telles ambitions. Apr\u00e8s la guerre, l\u2019Iran avait officiellement suspendu toute coop\u00e9ration avec l\u2019Agence internationale de l\u2019\u00e9nergie atomique (AIEA), en estimant que cette agence de l\u2019ONU avait une part de responsabilit\u00e9 dans le d\u00e9clenchement des frappes isra\u00e9liennes.<\/p>\n<p class=\"article__paragraph  \">Lundi, M.\u00a0Baghaei a d\u00e9clar\u00e9 que l\u2019Iran restait engag\u00e9 par le trait\u00e9 de non-prolif\u00e9ration nucl\u00e9aire (TNP), tout en critiquant \u00ab\u00a0l\u2019approche politis\u00e9e et non professionnelle\u00a0\u00bb de l\u2019AIEA. Le directeur adjoint de l\u2019agence est attendu en Iran \u00ab\u00a0dans moins de dix jours\u00a0\u00bb, a pr\u00e9cis\u00e9 le porte-parole. Son pays s\u2019\u00e9tait dit pr\u00eat en juillet \u00e0 reprendre la coop\u00e9ration avec l\u2019AIEA sous \u00ab\u00a0une nouvelle forme\u00a0\u00bb. Face \u00e0 la politique d\u2019enrichissement d\u2019uranium de l\u2019Iran, les pays occidentaux menacent T\u00e9h\u00e9ran d\u2019activer un m\u00e9canisme permettant de r\u00e9imposer des sanctions internationales.<\/p>\n<p class=\"author__detail\">  Le Monde avec AFP  <\/p>\n","protected":false},"excerpt":{"rendered":"L\u2019entr\u00e9e d\u2019un tunnel proche de l\u2019usine d\u2019enrichissement nucl\u00e9aire d\u2019Ispahan, dans le centre de l\u2019Iran, \u00e0 la suite des&hellip;\n","protected":false},"author":2,"featured_media":296073,"comment_status":"","ping_status":"","sticky":false,"template":"","format":"standard","meta":{"footnotes":""},"categories":[1589],"tags":[11,73,1866,12,1864,1865,1863,308],"class_list":{"0":"post-296072","1":"post","2":"type-post","3":"status-publish","4":"format-standard","5":"has-post-thumbnail","7":"category-etats-unis","8":"tag-actualites","9":"tag-etats-unis","10":"tag-etats-unis-damerique","11":"tag-news","12":"tag-united-states","13":"tag-united-states-of-america","14":"tag-us","15":"tag-usa"},"share_on_mastodon":{"url":"https:\/\/pubeurope.com\/@fr\/114971337374290439","error":""},"_links":{"self":[{"href":"https:\/\/www.europesays.com\/fr\/wp-json\/wp\/v2\/posts\/296072","targetHints":{"allow":["GET"]}}],"collection":[{"href":"https:\/\/www.europesays.com\/fr\/wp-json\/wp\/v2\/posts"}],"about":[{"href":"https:\/\/www.europesays.com\/fr\/wp-json\/wp\/v2\/types\/post"}],"author":[{"embeddable":true,"href":"https:\/\/www.europesays.com\/fr\/wp-json\/wp\/v2\/users\/2"}],"replies":[{"embeddable":true,"href":"https:\/\/www.europesays.com\/fr\/wp-json\/wp\/v2\/comments?post=296072"}],"version-history":[{"count":0,"href":"https:\/\/www.europesays.com\/fr\/wp-json\/wp\/v2\/posts\/296072\/revisions"}],"wp:featuredmedia":[{"embeddable":true,"href":"https:\/\/www.europesays.com\/fr\/wp-json\/wp\/v2\/media\/296073"}],"wp:attachment":[{"href":"https:\/\/www.europesays.com\/fr\/wp-json\/wp\/v2\/media?parent=296072"}],"wp:term":[{"taxonomy":"category","embeddable":true,"href":"https:\/\/www.europesays.com\/fr\/wp-json\/wp\/v2\/categories?post=296072"},{"taxonomy":"post_tag","embeddable":true,"href":"https:\/\/www.europesays.com\/fr\/wp-json\/wp\/v2\/tags?post=296072"}],"curies":[{"name":"wp","href":"https:\/\/api.w.org\/{rel}","templated":true}]}}