{"id":296074,"date":"2025-08-04T16:02:09","date_gmt":"2025-08-04T16:02:09","guid":{"rendered":"https:\/\/www.europesays.com\/fr\/296074\/"},"modified":"2025-08-04T16:02:09","modified_gmt":"2025-08-04T16:02:09","slug":"train-et-vols-annules-routes-coupees-lecosse-et-langleterre-touches-par-des-vents-violents","status":"publish","type":"post","link":"https:\/\/www.europesays.com\/fr\/296074\/","title":{"rendered":"train et vols annul\u00e9s, routes coup\u00e9es\u2026 L\u2019\u00c9cosse et l\u2019Angleterre touch\u00e9s par des vents violents"},"content":{"rendered":"<p>\u00ab\u00a0La temp\u00eate Floris est une temp\u00eate inhabituellement forte pour cette \u00e9poque de l\u2019ann\u00e9e\u00a0\u00bb, a soulign\u00e9 le Met Office dans un communiqu\u00e9, ajoutant que c\u2019est seulement la deuxi\u00e8me fois depuis 2011 qu\u2019il \u00e9met une alerte aux vents violents de ce niveau en ao\u00fbt.<\/p>\n<blockquote class=\"twitter-tweet\">\n<p lang=\"fr\" dir=\"ltr\">\ud83c\udf00 Images impressionnantes de la temp\u00eate Floris qui frappe l&rsquo;\u00c9cosse ce 4 ao\u00fbt, ici \u00e0 Loch an Duin. On a relev\u00e9 jusqu&rsquo;\u00e0 160 km\/h sur les caps ! \ud83d\udca8(\u00a9 Marion MacNeil) <a href=\"https:\/\/t.co\/771VfC6jex\" rel=\"nofollow\">pic.twitter.com\/771VfC6jex<\/a><\/p>\n<p>\u2014 M\u00e9t\u00e9o Express (@MeteoExpress) <a href=\"https:\/\/twitter.com\/MeteoExpress\/status\/1952353669208256970?ref_src=twsrc%5Etfw\" rel=\"nofollow noopener\" target=\"_blank\">August 4, 2025<\/a><\/p><\/blockquote>\n<p>\u00ab\u00a0Certains endroits d\u2019\u00c9cosse vont probablement battre leur record en termes de force de rafales de vent pour un mois d\u2019ao\u00fbt\u00a0\u00bb, a-t-il ajout\u00e9. Des rafales \u00e0 130\u00a0km\/h ont notamment \u00e9t\u00e9 enregistr\u00e9es sur l\u2019\u00eele de South Uist, \u00e0 l\u2019ouest de cette nation britannique. D\u00e9j\u00e0 de nombreuses perturbations ont \u00e9t\u00e9 enregistr\u00e9es, en particulier sur le r\u00e9seau de chemin de fer, o\u00f9 des trains ont \u00e9t\u00e9 annul\u00e9s, selon l\u2019op\u00e9rateur Network Rail Scotland.<\/p>\n<p>22\u00a0500 foyers sans \u00e9lectricit\u00e9<\/p>\n<p>La chute d\u2019un arbre a caus\u00e9 un incendie sur les rails pr\u00e8s de Glasgow. Des vols ont \u00e9galement \u00e9t\u00e9 annul\u00e9s dans certains a\u00e9roports, en particulier celui d\u2019Aberdeen (nord-est). Environ 22\u00a0500 foyers \u00e9taient sans \u00e9lectricit\u00e9 lundi en d\u00e9but d\u2019apr\u00e8s-midi, selon l\u2019op\u00e9rateur du r\u00e9seau Scottish and Southern Electricity Networks (SSEN).<\/p>\n<p>\u00ab\u00a0En plein \u00e9t\u00e9, nous d\u00e9ployons une op\u00e9ration comparable en taille \u00e0 celles que nous mobilisons lorsqu\u2019une temp\u00eate frappe au c\u0153ur de l\u2019hiver\u00a0\u00bb, a soulign\u00e9 Andy Smith, responsable des op\u00e9rations du r\u00e9seau d\u2019\u00e9lectricit\u00e9 SSEN. \u00c0 \u00c9dimbourg, le c\u00e9l\u00e8bre festival d\u2019arts de la sc\u00e8ne Fringe, qui accueille plus de 2\u00a0millions de personnes par an, a d\u00fb annuler une centaine de repr\u00e9sentations \u00e0 cause de la temp\u00eate, a indiqu\u00e9 \u00e0 Sky News son directeur Tony Lankester. Le zoo de la ville restera ferm\u00e9 pour la journ\u00e9e.<\/p>\n<p>Sur l\u2019\u00eele de Skye, tr\u00e8s touristique, <a href=\"https:\/\/www.sudouest.fr\/environnement\/la-chaleur-s-installe-dans-le-sud-ouest-la-canicule-menace-t-elle-25471331.php\" target=\"_blank\" rel=\"follow nofollow noopener\">des camping-cars ont \u00e9t\u00e9 emport\u00e9s sous l\u2019effet des fortes rafales<\/a>, a rapport\u00e9 la police locale, qui recommande aux vacanciers de se mettre \u00e0 l\u2019abri. Le Met Office a pr\u00e9venu que des pr\u00e9cipitations intenses pourraient s\u2019ajouter aux vents violents. L\u2019alerte reste en vigueur jusqu\u2019\u00e0 23 heures locale (22 heures GMT) \u00e0 ce stade.<\/p>\n<p>        <script async src=\"https:\/\/platform.twitter.com\/widgets.js\" charset=\"utf-8\"><\/script><\/p>\n","protected":false},"excerpt":{"rendered":"\u00ab\u00a0La temp\u00eate Floris est une temp\u00eate inhabituellement forte pour cette \u00e9poque de l\u2019ann\u00e9e\u00a0\u00bb, a soulign\u00e9 le Met Office&hellip;\n","protected":false},"author":2,"featured_media":296075,"comment_status":"","ping_status":"","sticky":false,"template":"","format":"standard","meta":{"footnotes":""},"categories":[1588],"tags":[11,1777,674,12,473,1853,1851,1850,1852],"class_list":{"0":"post-296074","1":"post","2":"type-post","3":"status-publish","4":"format-standard","5":"has-post-thumbnail","7":"category-royaume-uni","8":"tag-actualites","9":"tag-eu","10":"tag-europe","11":"tag-news","12":"tag-royaume-uni","13":"tag-royaume-uni-de-grande-bretagne-et-dirlande-du-nord","14":"tag-uk","15":"tag-united-kingdom","16":"tag-united-kingdom-of-great-britain-and-northern-ireland"},"share_on_mastodon":{"url":"https:\/\/pubeurope.com\/@fr\/114971341211372829","error":""},"_links":{"self":[{"href":"https:\/\/www.europesays.com\/fr\/wp-json\/wp\/v2\/posts\/296074","targetHints":{"allow":["GET"]}}],"collection":[{"href":"https:\/\/www.europesays.com\/fr\/wp-json\/wp\/v2\/posts"}],"about":[{"href":"https:\/\/www.europesays.com\/fr\/wp-json\/wp\/v2\/types\/post"}],"author":[{"embeddable":true,"href":"https:\/\/www.europesays.com\/fr\/wp-json\/wp\/v2\/users\/2"}],"replies":[{"embeddable":true,"href":"https:\/\/www.europesays.com\/fr\/wp-json\/wp\/v2\/comments?post=296074"}],"version-history":[{"count":0,"href":"https:\/\/www.europesays.com\/fr\/wp-json\/wp\/v2\/posts\/296074\/revisions"}],"wp:featuredmedia":[{"embeddable":true,"href":"https:\/\/www.europesays.com\/fr\/wp-json\/wp\/v2\/media\/296075"}],"wp:attachment":[{"href":"https:\/\/www.europesays.com\/fr\/wp-json\/wp\/v2\/media?parent=296074"}],"wp:term":[{"taxonomy":"category","embeddable":true,"href":"https:\/\/www.europesays.com\/fr\/wp-json\/wp\/v2\/categories?post=296074"},{"taxonomy":"post_tag","embeddable":true,"href":"https:\/\/www.europesays.com\/fr\/wp-json\/wp\/v2\/tags?post=296074"}],"curies":[{"name":"wp","href":"https:\/\/api.w.org\/{rel}","templated":true}]}}