{"id":296076,"date":"2025-08-04T16:03:13","date_gmt":"2025-08-04T16:03:13","guid":{"rendered":"https:\/\/www.europesays.com\/fr\/296076\/"},"modified":"2025-08-04T16:03:13","modified_gmt":"2025-08-04T16:03:13","slug":"une-francaise-condamnee-pour-conduite-en-etat-divresse-incarceree-pour-une-amende-non-payee","status":"publish","type":"post","link":"https:\/\/www.europesays.com\/fr\/296076\/","title":{"rendered":"une Fran\u00e7aise condamn\u00e9e pour conduite en \u00e9tat d\u2019ivresse incarc\u00e9r\u00e9e pour une amende non pay\u00e9e"},"content":{"rendered":"<p>Lors d\u2019un contr\u00f4le effectu\u00e9 \u00e0 la fronti\u00e8re franco-allemande dimanche soir \u00e0 Breisach, la police allemande a contr\u00f4l\u00e9 une ressortissante fran\u00e7aise \u00e2g\u00e9e de 43 ans qui souhaitait se rendre en Allemagne. Lors du contr\u00f4le, les fonctionnaires ont constat\u00e9 que cette femme avait \u00e9t\u00e9 fait l\u2019objet d\u2019une condamnation en 2024 pour conduite en \u00e9tat d\u2019ivresse mais qu\u2019elle n\u2019avait jamais r\u00e9gl\u00e9 les 2500 euros d\u2019amende dont elle avait \u00e9cop\u00e9. Ne pouvant pas payer cette amende au moment du contr\u00f4le de dimanche, cette femme a \u00e9t\u00e9 interpell\u00e9e et conduite dans un \u00e9tablissement p\u00e9nitentiaire allemand pour femmes.<\/p>\n","protected":false},"excerpt":{"rendered":"Lors d\u2019un contr\u00f4le effectu\u00e9 \u00e0 la fronti\u00e8re franco-allemande dimanche soir \u00e0 Breisach, la police allemande a contr\u00f4l\u00e9 une&hellip;\n","protected":false},"author":2,"featured_media":296077,"comment_status":"","ping_status":"","sticky":false,"template":"","format":"standard","meta":{"footnotes":""},"categories":[1587],"tags":[11,672,2389,1804,271,1805,272,1803,1777,674,274,107,329,1801,12,1802],"class_list":{"0":"post-296076","1":"post","2":"type-post","3":"status-publish","4":"format-standard","5":"has-post-thumbnail","7":"category-allemagne","8":"tag-actualites","9":"tag-allemagne","10":"tag-alsace","11":"tag-bundesrepublik-deutschland","12":"tag-crime","13":"tag-de","14":"tag-delit-et-contravention","15":"tag-deutschland","16":"tag-eu","17":"tag-europe","18":"tag-faits-divers-justice","19":"tag-fil-info","20":"tag-france-monde","21":"tag-germany","22":"tag-news","23":"tag-republique-federale-dallemagne"},"share_on_mastodon":{"url":"https:\/\/pubeurope.com\/@fr\/114971345228843833","error":""},"_links":{"self":[{"href":"https:\/\/www.europesays.com\/fr\/wp-json\/wp\/v2\/posts\/296076","targetHints":{"allow":["GET"]}}],"collection":[{"href":"https:\/\/www.europesays.com\/fr\/wp-json\/wp\/v2\/posts"}],"about":[{"href":"https:\/\/www.europesays.com\/fr\/wp-json\/wp\/v2\/types\/post"}],"author":[{"embeddable":true,"href":"https:\/\/www.europesays.com\/fr\/wp-json\/wp\/v2\/users\/2"}],"replies":[{"embeddable":true,"href":"https:\/\/www.europesays.com\/fr\/wp-json\/wp\/v2\/comments?post=296076"}],"version-history":[{"count":0,"href":"https:\/\/www.europesays.com\/fr\/wp-json\/wp\/v2\/posts\/296076\/revisions"}],"wp:featuredmedia":[{"embeddable":true,"href":"https:\/\/www.europesays.com\/fr\/wp-json\/wp\/v2\/media\/296077"}],"wp:attachment":[{"href":"https:\/\/www.europesays.com\/fr\/wp-json\/wp\/v2\/media?parent=296076"}],"wp:term":[{"taxonomy":"category","embeddable":true,"href":"https:\/\/www.europesays.com\/fr\/wp-json\/wp\/v2\/categories?post=296076"},{"taxonomy":"post_tag","embeddable":true,"href":"https:\/\/www.europesays.com\/fr\/wp-json\/wp\/v2\/tags?post=296076"}],"curies":[{"name":"wp","href":"https:\/\/api.w.org\/{rel}","templated":true}]}}