{"id":296080,"date":"2025-08-04T16:05:11","date_gmt":"2025-08-04T16:05:11","guid":{"rendered":"https:\/\/www.europesays.com\/fr\/296080\/"},"modified":"2025-08-04T16:05:11","modified_gmt":"2025-08-04T16:05:11","slug":"les-jeunes-se-sentent-ils-en-bonne-sante-dans-lue","status":"publish","type":"post","link":"https:\/\/www.europesays.com\/fr\/296080\/","title":{"rendered":"Les jeunes se sentent-ils en bonne sant\u00e9 dans l&rsquo;UE\u00a0?"},"content":{"rendered":"<p>          <img decoding=\"async\" class=\"c-ad__placeholder__logo\" src=\"https:\/\/static.euronews.com\/website\/images\/logos\/logo-euronews-stacked-outlined-72x72-grey-9.svg\" width=\"72\" height=\"72\" alt=\"\" loading=\"lazy\"\/><br \/>\n          PUBLICIT\u00c9<\/p>\n<p>Neuf jeunes sur dix vivant dans l&rsquo;Union europ\u00e9enne se consid\u00e9raient en bonne ou tr\u00e8s bonne sant\u00e9 en 2024.<\/p>\n<p>Ce chiffre a l\u00e9g\u00e8rement baiss\u00e9 dans l&rsquo;UE, passant de 92 % en 2010 \u00e0 90,1 % en 2024, selon Eurostat.<\/p>\n<p>Les jeunes de 16 \u00e0 29 ans vivant en Su\u00e8de, en Finlande et au Danemark sont les moins susceptibles de se d\u00e9clarer en bonne ou tr\u00e8s bonne sant\u00e9.<\/p>\n<p>En revanche, les jeunes Roumains se sentent en bien meilleure sant\u00e9. En effet, 98,2 % des jeunes de 16 \u00e0 29 ans vivant en Roumanie se consid\u00e8rent en bonne ou tr\u00e8s bonne sant\u00e9, suivis par la Gr\u00e8ce (97,7 %) et la Croatie (96,2 %).<\/p>\n<p>L&rsquo;Organisation mondiale de la sant\u00e9 (OMS) d\u00e9finit la sant\u00e9 comme \u00ab\u00a0un \u00e9tat de complet bien-\u00eatre physique, mental et social, qui ne consiste pas seulement en une absence de maladie ou d&rsquo;infirmit\u00e9\u00a0\u00bb.<\/p>\n<p>Quels sont les facteurs qui peuvent influencer la fa\u00e7on dont les gens per\u00e7oivent leur propre sant\u00e9 ?<\/p>\n<p>La perception du bien-\u00eatre chez les citoyens de l&rsquo;UE peut \u00eatre influenc\u00e9e par les normes de sant\u00e9 g\u00e9n\u00e9rales dans l&rsquo;Union, ainsi que par les diff\u00e9rences sociales et culturelles.<\/p>\n<p>Toutefois, un revenu plus \u00e9lev\u00e9 est le plus souvent associ\u00e9 \u00e0 une meilleure perception de la sant\u00e9.<\/p>\n<p>Dans l&rsquo;UE, 86,7 % des jeunes appartenant au groupe de ceux qui ont les revenus les plus faibles consid\u00e9raient que leur sant\u00e9 \u00e9tait bonne ou tr\u00e8s bonne en 2024, contre 94,0 % dans le groupe le plus riche.<\/p>\n<p>L&rsquo;\u00e9cart le plus important dans la proportion de jeunes se d\u00e9clarant en bonne ou tr\u00e8s bonne sant\u00e9 entre les revenus les plus \u00e9lev\u00e9s et les plus faibles a \u00e9t\u00e9 enregistr\u00e9 aux Pays-Bas, avec une marge de 22,9 points de pourcentage. Suivent la Finlande, avec un \u00e9cart de 16,9 %, et l&rsquo;Irlande, avec 10,6 %.<\/p>\n<p>En revanche, les diff\u00e9rences les plus faibles ont \u00e9t\u00e9 observ\u00e9es en Slovaquie, avec un \u00e9cart de 0,3 point de pourcentage, \u00e0 Chypre (0,5 %), \u00e0 Malte et en Gr\u00e8ce (0,8 % chacun).<\/p>\n<p>Quelle est la fr\u00e9quence des probl\u00e8mes de sant\u00e9 \u00e0 long terme chez les jeunes ?<\/p>\n<p>Les probl\u00e8mes de sant\u00e9 chroniques, tels que le cancer, les accidents vasculaires c\u00e9r\u00e9braux et le diab\u00e8te, touchent 16,3 % des jeunes dans l&rsquo;UE.<\/p>\n<p>Selon l&rsquo;OMS, les probl\u00e8mes de sant\u00e9 de longue dur\u00e9e sont de loin la premi\u00e8re cause de mortalit\u00e9 et d&rsquo;invalidit\u00e9 dans le monde.<\/p>\n<p>Les jeunes femmes sont plus susceptibles d&rsquo;\u00eatre confront\u00e9es \u00e0 ces probl\u00e8mes que les hommes dans 22 pays de l&rsquo;UE.<\/p>\n<p>C&rsquo;est en Finlande que la disparit\u00e9 est la plus marqu\u00e9e. Dans ce pays, les femmes sont pr\u00e8s de 11 % plus susceptibles de d\u00e9clarer des probl\u00e8mes de sant\u00e9 \u00e0 long terme que les hommes.<\/p>\n<p>La situation est \u00e9galement pr\u00e9occupante au Danemark, o\u00f9 l&rsquo;\u00e9cart est de 7,1 %, et en Su\u00e8de (6,8 %).<\/p>\n","protected":false},"excerpt":{"rendered":"PUBLICIT\u00c9 Neuf jeunes sur dix vivant dans l&rsquo;Union europ\u00e9enne se consid\u00e9raient en bonne ou tr\u00e8s bonne sant\u00e9 en&hellip;\n","protected":false},"author":2,"featured_media":296081,"comment_status":"","ping_status":"","sticky":false,"template":"","format":"standard","meta":{"footnotes":""},"categories":[1586],"tags":[11,1777,674,1779,1011,27,43612,12,25,71,1778,364],"class_list":{"0":"post-296080","1":"post","2":"type-post","3":"status-publish","4":"format-standard","5":"has-post-thumbnail","7":"category-europe","8":"tag-actualites","9":"tag-eu","10":"tag-europe","11":"tag-european-union","12":"tag-fr","13":"tag-france","14":"tag-les-soins-de-sante","15":"tag-news","16":"tag-republique-francaise","17":"tag-sante","18":"tag-ue","19":"tag-union-europeenne"},"share_on_mastodon":{"url":"https:\/\/pubeurope.com\/@fr\/114971353098345981","error":""},"_links":{"self":[{"href":"https:\/\/www.europesays.com\/fr\/wp-json\/wp\/v2\/posts\/296080","targetHints":{"allow":["GET"]}}],"collection":[{"href":"https:\/\/www.europesays.com\/fr\/wp-json\/wp\/v2\/posts"}],"about":[{"href":"https:\/\/www.europesays.com\/fr\/wp-json\/wp\/v2\/types\/post"}],"author":[{"embeddable":true,"href":"https:\/\/www.europesays.com\/fr\/wp-json\/wp\/v2\/users\/2"}],"replies":[{"embeddable":true,"href":"https:\/\/www.europesays.com\/fr\/wp-json\/wp\/v2\/comments?post=296080"}],"version-history":[{"count":0,"href":"https:\/\/www.europesays.com\/fr\/wp-json\/wp\/v2\/posts\/296080\/revisions"}],"wp:featuredmedia":[{"embeddable":true,"href":"https:\/\/www.europesays.com\/fr\/wp-json\/wp\/v2\/media\/296081"}],"wp:attachment":[{"href":"https:\/\/www.europesays.com\/fr\/wp-json\/wp\/v2\/media?parent=296080"}],"wp:term":[{"taxonomy":"category","embeddable":true,"href":"https:\/\/www.europesays.com\/fr\/wp-json\/wp\/v2\/categories?post=296080"},{"taxonomy":"post_tag","embeddable":true,"href":"https:\/\/www.europesays.com\/fr\/wp-json\/wp\/v2\/tags?post=296080"}],"curies":[{"name":"wp","href":"https:\/\/api.w.org\/{rel}","templated":true}]}}