{"id":296088,"date":"2025-08-04T16:10:10","date_gmt":"2025-08-04T16:10:10","guid":{"rendered":"https:\/\/www.europesays.com\/fr\/296088\/"},"modified":"2025-08-04T16:10:10","modified_gmt":"2025-08-04T16:10:10","slug":"volley-la-traitrise-mondiale-des-francais-ne-passe-pas-du-tout","status":"publish","type":"post","link":"https:\/\/www.europesays.com\/fr\/296088\/","title":{"rendered":"Volley | La tra\u00eetrise mondiale des Fran\u00e7ais ne passe pas du tout"},"content":{"rendered":"<p style=\"font-weight: 400;\"><strong>Les Championnats du monde U19 de volley se d\u00e9roulaient en Ouzb\u00e9kistan, et contre toute attente, ils ne nous ont absolument pas r\u00e9ussis. Quelle surprise vraiment.<\/strong><\/p>\n<blockquote class=\"twitter-tweet\">\n<p dir=\"ltr\" lang=\"fr\">L\u2019\u00c9QUIPE DE FRANCE U19 SACR\u00c9E CHAMPIONNE DU MONDE \ud83c\uddeb\ud83c\uddf7\ud83c\udfc5<\/p>\n<p>L\u2019\u00e9quipe de France U19, apr\u00e8s avoir conc\u00e9d\u00e9 le premier set, s\u2019impose finalement 3 sets \u00e0 1, confirmant tout le potentiel de cette belle g\u00e9n\u00e9ration.<\/p>\n<p>Belle performance des Bleuets, qui n\u2019auront conc\u00e9d\u00e9 qu\u2019une seule d\u00e9faite\u2026 <a href=\"https:\/\/t.co\/0Z2bds9SXP\" rel=\"nofollow\">pic.twitter.com\/0Z2bds9SXP<\/a><\/p>\n<p>\u2014 VolleyActu (@VolleyActu) <a href=\"https:\/\/twitter.com\/VolleyActu\/status\/1952019083991433269?ref_src=twsrc%5Etfw\" rel=\"nofollow noopener\" target=\"_blank\">August 3, 2025<\/a><\/p>\n<\/blockquote>\n<p>Le volley fran\u00e7ais en p\u00e9ril<\/p>\n<p style=\"font-weight: 400;\">Championne du monde en titre, l\u2019\u00e9quipe de France U19 de volley disputait la finale face \u00e0 la Pologne. Ce match, qui a eu lieu \u00e0 Tachkent, en Ouzb\u00e9kistan, est pourtant parti sur d\u2019excellentes bases. En effet, ce sont les Polonais qui remportent le premier set (22-25), et se retrouvent \u00e0 deux manches du titre mondial. Mais tr\u00e8s vite, le capitaine Noa Duflos-Rossi et les siens recollent au tableau d\u2019affichage, et de quelle mani\u00e8re (25-22).<\/p>\n<blockquote class=\"twitter-tweet\">\n<p dir=\"ltr\" lang=\"fr\">MAIS PARDON NOA ?<\/p>\n<p>T\u2019ES TROP FORT !!!!!<br \/><a href=\"https:\/\/t.co\/TurFDVWi0D\" rel=\"nofollow\">pic.twitter.com\/TurFDVWi0D<\/a><\/p>\n<p>\u2014 VolleyActu (@VolleyActu) <a href=\"https:\/\/twitter.com\/VolleyActu\/status\/1951992174884933978?ref_src=twsrc%5Etfw\" rel=\"nofollow noopener\" target=\"_blank\">August 3, 2025<\/a><\/p>\n<\/blockquote>\n<p style=\"font-weight: 400;\">Mais Noa Duflos-Rossi n\u2019est pas seulement fatal en attaque, il peut \u00e9galement r\u00e9aliser des blocs l\u00e9taux, ne laissant aucune chance aux Polonais.<\/p>\n<blockquote class=\"twitter-tweet\">\n<p dir=\"ltr\" lang=\"fr\">NOA DUFLOS-ROSSI \ud83e\udd2f\ud83e\udd2f\ud83e\udd2f<\/p>\n<p>NOA DUFLOS-ROSSI \ud83e\udd2f\ud83e\udd2f\ud83e\udd2f<\/p>\n<p>NOA DUFLOS-ROSSI \ud83e\udd2f\ud83e\udd2f\ud83e\udd2f<\/p>\n<p>NOA DUFLOS-ROSSI \ud83e\udd2f\ud83e\udd2f\ud83e\udd2f<\/p>\n<p>NOA DUFLOS-ROSSI \ud83e\udd2f\ud83e\udd2f\ud83e\udd2f<a href=\"https:\/\/t.co\/GULA9aT3pS\" rel=\"nofollow\">pic.twitter.com\/GULA9aT3pS<\/a><\/p>\n<p>\u2014 VolleyActu (@VolleyActu) <a href=\"https:\/\/twitter.com\/VolleyActu\/status\/1951994597510386105?ref_src=twsrc%5Etfw\" rel=\"nofollow noopener\" target=\"_blank\">August 3, 2025<\/a><\/p>\n<\/blockquote>\n<p style=\"font-weight: 400;\">Bien aid\u00e9s \u00e9galement par les 24 points d\u2019Andrej Jokanovic, MVP de la comp\u00e9tition, les Bleuets remportent les trois sets suivants, et s\u2019imposent dans cette finale des Championnats du monde (22-25, 25-22, 25-15, 25-12). Comme vous l\u2019avez compris, il s\u2019agit du deuxi\u00e8me titre mondial cons\u00e9cutif <a href=\"https:\/\/fflose.com\/jo-volley-lirrespect-monumental-de-lequipe-de-france\/\" rel=\"nofollow noopener\" target=\"_blank\">pour les Fran\u00e7ais<\/a>. C\u2019est simple, cela faisait quatorze ans qu\u2019aucun pays n\u2019avait conserv\u00e9 son titre mondial U19. Rien que \u00e7a.<\/p>\n<blockquote class=\"twitter-tweet\">\n<p dir=\"ltr\" lang=\"fr\">CHAMPIONS DU MONDE U19 \ud83d\udc99\ud83e\udd0d\u2764\ufe0f<br \/><a href=\"https:\/\/t.co\/Yp4hWo7DIx\" rel=\"nofollow\">pic.twitter.com\/Yp4hWo7DIx<\/a><\/p>\n<p>\u2014 VolleyActu (@VolleyActu) <a href=\"https:\/\/twitter.com\/VolleyActu\/status\/1952006231050125582?ref_src=twsrc%5Etfw\" rel=\"nofollow noopener\" target=\"_blank\">August 3, 2025<\/a><\/p>\n<\/blockquote>\n<p><script async src=\"https:\/\/platform.twitter.com\/widgets.js\" charset=\"utf-8\"><\/script><\/p>\n","protected":false},"excerpt":{"rendered":"Les Championnats du monde U19 de volley se d\u00e9roulaient en Ouzb\u00e9kistan, et contre toute attente, ils ne nous&hellip;\n","protected":false},"author":2,"featured_media":296089,"comment_status":"","ping_status":"","sticky":false,"template":"","format":"standard","meta":{"footnotes":""},"categories":[1417],"tags":[1011,27,60,1470,1469],"class_list":{"0":"post-296088","1":"post","2":"type-post","3":"status-publish","4":"format-standard","5":"has-post-thumbnail","7":"category-volley","8":"tag-fr","9":"tag-france","10":"tag-sports","11":"tag-volley","12":"tag-volleyball"},"share_on_mastodon":{"url":"https:\/\/pubeurope.com\/@fr\/114971372710852970","error":""},"_links":{"self":[{"href":"https:\/\/www.europesays.com\/fr\/wp-json\/wp\/v2\/posts\/296088","targetHints":{"allow":["GET"]}}],"collection":[{"href":"https:\/\/www.europesays.com\/fr\/wp-json\/wp\/v2\/posts"}],"about":[{"href":"https:\/\/www.europesays.com\/fr\/wp-json\/wp\/v2\/types\/post"}],"author":[{"embeddable":true,"href":"https:\/\/www.europesays.com\/fr\/wp-json\/wp\/v2\/users\/2"}],"replies":[{"embeddable":true,"href":"https:\/\/www.europesays.com\/fr\/wp-json\/wp\/v2\/comments?post=296088"}],"version-history":[{"count":0,"href":"https:\/\/www.europesays.com\/fr\/wp-json\/wp\/v2\/posts\/296088\/revisions"}],"wp:featuredmedia":[{"embeddable":true,"href":"https:\/\/www.europesays.com\/fr\/wp-json\/wp\/v2\/media\/296089"}],"wp:attachment":[{"href":"https:\/\/www.europesays.com\/fr\/wp-json\/wp\/v2\/media?parent=296088"}],"wp:term":[{"taxonomy":"category","embeddable":true,"href":"https:\/\/www.europesays.com\/fr\/wp-json\/wp\/v2\/categories?post=296088"},{"taxonomy":"post_tag","embeddable":true,"href":"https:\/\/www.europesays.com\/fr\/wp-json\/wp\/v2\/tags?post=296088"}],"curies":[{"name":"wp","href":"https:\/\/api.w.org\/{rel}","templated":true}]}}