{"id":296092,"date":"2025-08-04T16:12:12","date_gmt":"2025-08-04T16:12:12","guid":{"rendered":"https:\/\/www.europesays.com\/fr\/296092\/"},"modified":"2025-08-04T16:12:12","modified_gmt":"2025-08-04T16:12:12","slug":"atp-toronto-de-minaur-fait-passer-un-message-a-zverev-fritz-shelton-et-les-autres-se-plaindre-des-conditions-me-donnera-t-il-plus-de-chances-dobtenir-de-bons-resultats-non-ce","status":"publish","type":"post","link":"https:\/\/www.europesays.com\/fr\/296092\/","title":{"rendered":"ATP &#8211; Toronto > De Minaur fait passer un message \u00e0 Zverev, Fritz, Shelton et les autres : \u00ab\u00a0Se plaindre des conditions me donnera-t-il plus de chances d\u2019obtenir de bons r\u00e9sultats\u00a0? Non. Cela ne changera rien\u00a0\u00bb"},"content":{"rendered":"<p>La direc\u00adtion de l\u2019ATP et ses d\u00e9ci\u00adsions concer\u00adnant le calen\u00addrier ainsi que la dur\u00e9e des tour\u00adnois Masters 1000 sont actuel\u00adle\u00adment au c\u0153ur des discus\u00adsions dans les vestiaires.<\/p>\n<p>Comme on a pu le voir <a href=\"https:\/\/www.welovetennis.fr\/atp\/shelton-est-agace-ce-rythme-fait-baisser-le-niveau-de-jeu-on-en-parle-tous-dans-les-vestiaires\" data-wpel-link=\"internal\" rel=\"nofollow noopener\" target=\"_blank\">r\u00e9cem\u00adment dans une d\u00e9cla\u00adra\u00adtion de Ben Shelton<\/a>, Alex De Minaur est revenu sur le sujet en conf\u00e9\u00adrence de presse, allant \u00e0 contre\u2010courant des d\u00e9cla\u00adra\u00adtions de la majo\u00adrit\u00e9 des autres joueurs du circuit\u00a0:<\/p>\n<p><strong>\u00ab\u202fEh bien, l\u2019essentiel est de ne pas se plaindre. Pour moi, c\u2019est crucial. Cela ne chan\u00adgera rien.\u00a0Se plaindre des condi\u00adtions me donnera\u2010t\u2010il plus de chances d\u2019obtenir de bons r\u00e9sul\u00adtats\u202f? Non. Donc, pour moi, il s\u2019agit simple\u00adment d\u2019avancer, de g\u00e9rer la situa\u00adtion, de trouver un moyen de la surmonter et de me concen\u00adtrer sur mes coups.\u00a0C\u2019est diffi\u00adcile, ne vous m\u00e9prenez pas. Je ne me sens pas au mieux de ma forme. Beaucoup de joueurs ont dit ne pas se sentir \u00e0 l\u2019aise sur le court. Mais pour moi, il s\u2019agit de trouver le moyen de fran\u00adchir la ligne d\u2019arriv\u00e9e. Ce n\u2019est pas forc\u00e9\u00adment beau, il s\u2019agit simple\u00adment de trouver une solution.\u202f\u00bb<\/strong><\/p>\n<p>L\u2019Australien affron\u00adtera l\u2019Am\u00e9ricain Ben Shelton en quart de finale du tournoi cana\u00addien. L\u2019occasion, peut\u2010\u00eatre, pour lui de lui faire part de son opinion lors de la poign\u00e9e de main au filet apr\u00e8s le\u00a0match.<\/p>\n<p class=\"post-published-date\" style=\"color: silver; font-size: 75%; text-align: left;\">Publi\u00e9 le lundi 4 ao\u00fbt 2025 \u00e0 14:45<\/p>\n","protected":false},"excerpt":{"rendered":"La direc\u00adtion de l\u2019ATP et ses d\u00e9ci\u00adsions concer\u00adnant le calen\u00addrier ainsi que la dur\u00e9e des tour\u00adnois Masters 1000&hellip;\n","protected":false},"author":2,"featured_media":137072,"comment_status":"","ping_status":"","sticky":false,"template":"","format":"standard","meta":{"footnotes":""},"categories":[1415],"tags":[8081,1011,27,60,1467,4542],"class_list":{"0":"post-296092","1":"post","2":"type-post","3":"status-publish","4":"format-standard","5":"has-post-thumbnail","7":"category-tennis","8":"tag-de-minaur","9":"tag-fr","10":"tag-france","11":"tag-sports","12":"tag-tennis","13":"tag-zverev"},"share_on_mastodon":{"url":"https:\/\/pubeurope.com\/@fr\/114971380481415591","error":""},"_links":{"self":[{"href":"https:\/\/www.europesays.com\/fr\/wp-json\/wp\/v2\/posts\/296092","targetHints":{"allow":["GET"]}}],"collection":[{"href":"https:\/\/www.europesays.com\/fr\/wp-json\/wp\/v2\/posts"}],"about":[{"href":"https:\/\/www.europesays.com\/fr\/wp-json\/wp\/v2\/types\/post"}],"author":[{"embeddable":true,"href":"https:\/\/www.europesays.com\/fr\/wp-json\/wp\/v2\/users\/2"}],"replies":[{"embeddable":true,"href":"https:\/\/www.europesays.com\/fr\/wp-json\/wp\/v2\/comments?post=296092"}],"version-history":[{"count":0,"href":"https:\/\/www.europesays.com\/fr\/wp-json\/wp\/v2\/posts\/296092\/revisions"}],"wp:featuredmedia":[{"embeddable":true,"href":"https:\/\/www.europesays.com\/fr\/wp-json\/wp\/v2\/media\/137072"}],"wp:attachment":[{"href":"https:\/\/www.europesays.com\/fr\/wp-json\/wp\/v2\/media?parent=296092"}],"wp:term":[{"taxonomy":"category","embeddable":true,"href":"https:\/\/www.europesays.com\/fr\/wp-json\/wp\/v2\/categories?post=296092"},{"taxonomy":"post_tag","embeddable":true,"href":"https:\/\/www.europesays.com\/fr\/wp-json\/wp\/v2\/tags?post=296092"}],"curies":[{"name":"wp","href":"https:\/\/api.w.org\/{rel}","templated":true}]}}