{"id":296093,"date":"2025-08-04T16:14:11","date_gmt":"2025-08-04T16:14:11","guid":{"rendered":"https:\/\/www.europesays.com\/fr\/296093\/"},"modified":"2025-08-04T16:14:11","modified_gmt":"2025-08-04T16:14:11","slug":"zarco-et-mir-reclament-quelque-chose-en-plus-a-honda-pour-la-fin-de-saison","status":"publish","type":"post","link":"https:\/\/www.europesays.com\/fr\/296093\/","title":{"rendered":"Zarco et Mir r\u00e9clament \u00ab quelque chose en plus \u00bb \u00e0 Honda pour la fin de saison"},"content":{"rendered":"<p class=\"my-0\">Alors que la mi-saison <a href=\"https:\/\/www.autohebdo.fr\/actualites\/motogp\" data-internallinksmanager029f6b8e52c=\"4\" title=\"MotoGP\" rel=\"nofollow noopener\" target=\"_blank\">MotoGP<\/a> est atteinte, Honda peut dresser un bien meilleur bilan \u00e0 mi-saison que l\u2019an dernier. Toujours en retard lorsqu\u2019on s\u2019int\u00e9resse au classement g\u00e9n\u00e9ral les progr\u00e8s de la marque sont pourtant nets. En douze courses, le constructeur nippon s\u2019est offert une victoire, un podium. Ce que n\u2019\u00e9taient pas parvenus \u00e0 r\u00e9aliser ses pilotes en 20 manches l\u2019an dernier.<\/p>\n<p class=\"my-0\">D\u2019autant qu\u2019il faut ajouter \u00e0 ce palmar\u00e8s des apparitions de plus en plus r\u00e9guli\u00e8res dans le top-10. Lorsqu\u2019interrog\u00e9s sur cette premi\u00e8re moiti\u00e9 de campagne, les pilotes Honda sont donc plut\u00f4t satisfaits.<\/p>\n<p class=\"my-0\">Luca Marini, actuellement quinzi\u00e8me au classement g\u00e9n\u00e9ral, revient de blessure avec un optimisme retrouv\u00e9 : \u00ab C\u2019\u00e9tait une p\u00e9riode difficile, mais je suis revenu en tr\u00e8s bonne forme, confie-t-il sur <a href=\"https:\/\/www.motogp.com\/fr\/videos\/2025\/08\/04\/season-so-far-honda\/755434?playlistId=425969https:\/\/www.motogp.com\/fr\/videos\/2025\/08\/04\/season-so-far-honda\/755434?playlistId=425969\" rel=\"nofollow noopener\" target=\"_blank\">MotoGP.com<\/a>. J\u2019ai travaill\u00e9 beaucoup sur moi quand j\u2019\u00e9tais \u00e0 la maison, et quand j\u2019essayais de r\u00e9cup\u00e9rer de la meilleure des mani\u00e8res. Je pense que je me suis am\u00e9lior\u00e9 apr\u00e8s cette blessure. Maintenant je suis juste content d\u2019\u00eatre l\u00e0. \u00bb<\/p>\n<p class=\"my-0\">Pour Joan Mir, la premi\u00e8re partie de l\u2019ann\u00e9e a \u00e9t\u00e9 sem\u00e9e d\u2019emb\u00fbches. Les chutes ont v\u00e9ritablement rythm\u00e9 sa campagne jusqu\u2019\u00e0 ce jour. Toutefois, malgr\u00e9 ses 8 abandons en 12 courses, l\u2019Espagnol ne baisse pas la t\u00eate : \u00ab C\u2019\u00e9tait une premi\u00e8re partie de saison difficile. Beaucoup de chutes, certaines de ma faute, d\u2019autres pas. J\u2019essaie d\u2019apprendre de celles qui sont de ma faute, mais pour les autres, je ne peux rien en apprendre. J\u2019esp\u00e8re juste que j\u2019aurai la force de continuer \u00e0 pousser comme je le fais, et de croire que Honda va apporter quelque chose qui me permettra de me battre. \u00bb<\/p>\n<p>Zarco satisfait, mais r\u00e9clame plus<\/p>\n<p class=\"my-0\">Le champion 2020, aujourd\u2019hui 19e au championnat avec 33 points, attend avec espoir des \u00e9volutions techniques. Un discours partag\u00e9 par celui qui s\u2019est v\u00e9ritablement impos\u00e9 comme le n\u00b01 de la marque en ce d\u00e9but de saison, Johann Zarco.<\/p>\n<p class=\"my-0\">De son c\u00f4t\u00e9, le Fran\u00e7ais se r\u00e9jouit particuli\u00e8rement des performances de sa Honda, mais en attend un peu plus pour terminer l\u2019ann\u00e9e : \u00ab Je suis vraiment content. 8e position au championnat. Mais surtout, la victoire en France, suivie de la deuxi\u00e8me place en Grande-Bretagne. C\u2019\u00e9tait juste magique. J\u2019ai engrang\u00e9 beaucoup de points sur ces deux manches, mais j\u2019ai aussi confirm\u00e9 qu\u2019on peut se battre pour le top-10.<\/p>\n<p>Huiti\u00e8me du g\u00e9n\u00e9ral, Zarco incarne l\u2019\u00e9lan positif de Honda, qui r\u00eave de renouer avec l\u2019avant-sc\u00e8ne. \u00ab Depuis le d\u00e9but de la saison, on a obtenu beaucoup de r\u00e9sultats dans le top-10, poursuit-il. M\u00eame tr\u00e8s proche du podium parfois. C\u2019est bien mieux que ce que l\u2019on esp\u00e9rait l\u2019an dernier avec Honda. Maintenant, il nous faut quelque chose en plus de la part de Honda, pour continuer \u00e0 se battre pour le top-10, et encore mieux. \u00bb<\/p>\n<p class=\"my-0\">Apr\u00e8s 12 Grands Prix, Honda aborde les 10 derni\u00e8res courses de l\u2019ann\u00e9e avec le sentiment d\u2019une campagne d\u00e9j\u00e0 r\u00e9ussie. La seconde partie de championnat d\u00e9butera d\u00e8s le 17 ao\u00fbt en Autriche. La marque ail\u00e9e devra y confirmer son regain de forme, tout en continuant \u00e0 progresser.<\/p>\n<p><strong>\u00c0 LIRE AUSSI &gt;\u00a0<a href=\"https:\/\/www.autohebdo.fr\/actualites\/motogp\/johann-zarco-a-vecu-une-course-incroyablement-difficile-a-suzuka.html\" rel=\"nofollow noopener\" target=\"_blank\">Johann Zarco a v\u00e9cu une course \u00ab incroyablement difficile \u00bb \u00e0 Suzuka<\/a><\/strong><\/p>\n","protected":false},"excerpt":{"rendered":"Alors que la mi-saison MotoGP est atteinte, Honda peut dresser un bien meilleur bilan \u00e0 mi-saison que l\u2019an&hellip;\n","protected":false},"author":2,"featured_media":296094,"comment_status":"","ping_status":"","sticky":false,"template":"","format":"standard","meta":{"footnotes":""},"categories":[1413],"tags":[1011,27,1457,1456,60],"class_list":{"0":"post-296093","1":"post","2":"type-post","3":"status-publish","4":"format-standard","5":"has-post-thumbnail","7":"category-moto","8":"tag-fr","9":"tag-france","10":"tag-moto","11":"tag-motocycle","12":"tag-sports"},"share_on_mastodon":{"url":"https:\/\/pubeurope.com\/@fr\/114971388342443693","error":""},"_links":{"self":[{"href":"https:\/\/www.europesays.com\/fr\/wp-json\/wp\/v2\/posts\/296093","targetHints":{"allow":["GET"]}}],"collection":[{"href":"https:\/\/www.europesays.com\/fr\/wp-json\/wp\/v2\/posts"}],"about":[{"href":"https:\/\/www.europesays.com\/fr\/wp-json\/wp\/v2\/types\/post"}],"author":[{"embeddable":true,"href":"https:\/\/www.europesays.com\/fr\/wp-json\/wp\/v2\/users\/2"}],"replies":[{"embeddable":true,"href":"https:\/\/www.europesays.com\/fr\/wp-json\/wp\/v2\/comments?post=296093"}],"version-history":[{"count":0,"href":"https:\/\/www.europesays.com\/fr\/wp-json\/wp\/v2\/posts\/296093\/revisions"}],"wp:featuredmedia":[{"embeddable":true,"href":"https:\/\/www.europesays.com\/fr\/wp-json\/wp\/v2\/media\/296094"}],"wp:attachment":[{"href":"https:\/\/www.europesays.com\/fr\/wp-json\/wp\/v2\/media?parent=296093"}],"wp:term":[{"taxonomy":"category","embeddable":true,"href":"https:\/\/www.europesays.com\/fr\/wp-json\/wp\/v2\/categories?post=296093"},{"taxonomy":"post_tag","embeddable":true,"href":"https:\/\/www.europesays.com\/fr\/wp-json\/wp\/v2\/tags?post=296093"}],"curies":[{"name":"wp","href":"https:\/\/api.w.org\/{rel}","templated":true}]}}