{"id":296095,"date":"2025-08-04T16:15:13","date_gmt":"2025-08-04T16:15:13","guid":{"rendered":"https:\/\/www.europesays.com\/fr\/296095\/"},"modified":"2025-08-04T16:15:13","modified_gmt":"2025-08-04T16:15:13","slug":"isack-hadjar-cest-termine","status":"publish","type":"post","link":"https:\/\/www.europesays.com\/fr\/296095\/","title":{"rendered":"Isack Hadjar, c&rsquo;est termin\u00e9 ?"},"content":{"rendered":"<p><strong>Sensation de la premi\u00e8re partie<br \/>\nde saison en Formule 1, Isack Hadjar n&rsquo;est plus le petit jeune \u00e0 la<br \/>\nmode dans le paddock&#8230;<\/strong><\/p>\n<p>Dur, dur d\u2019\u00eatre un rookie. Pour un d\u00e9butant en Formule 1, la<br \/>\npremi\u00e8re saison est longue et \u00e9prouvante, et l\u2019apprentissage est<br \/>\nparfois douloureux. Pour Isack Hadjar, l\u2019ann\u00e9e avait pourtant tr\u00e8s<br \/>\nbien commenc\u00e9.<\/p>\n<p>Si l\u2019on excepte cet incident en Australie lors du tout premier<br \/>\nGrand Prix de la saison, le Fran\u00e7ais, tr\u00e8s \u00e0 l\u2019aise au volant de sa<br \/>\nRacing Bulls, a encha\u00een\u00e9 les tr\u00e8s bons week-end de course. Au point<br \/>\nde devenir, assez vite, un sujet de discussion chez les Red Bull o\u00f9<br \/>\nla voiture n\u00b02 n\u2019arrive pas \u00e0 trouver un occupant r\u00e9gulier.<\/p>\n<blockquote class=\"twitter-tweet\"><p><a class=\"twitter-link\" rel=\"noindex, nofollow noopener\" href=\"https:\/\/twitter.com\/autosport\/status\/1951652529789448571\" target=\"_blank\"><\/p><\/blockquote>\n<p>Depuis deux mois, la p\u00e9riode est un peu moins bonne pour Isack<br \/>\nHadjar, qui reste sur cinq courses en dehors des points. Et le<br \/>\nvoil\u00e0 qui perd son titre officieux de \u00ab\u00a0rookie \u00e0 la<br \/>\nmode\u00a0\u00bb, apr\u00e8s le GP de Hongrie.<\/p>\n<p>Hadjar d\u00e9pass\u00e9 par Bortoleto ?<\/p>\n<p>C\u2019est le v\u00e9t\u00e9ran Fernando Alonso qui s\u2019est ainsi l\u00e2ch\u00e9 en<br \/>\nfaisant l\u2019\u00e9loge de Gabriel Bortoleto. \u00ab\u00a0C\u2019est le meilleur<br \/>\npilote de sa g\u00e9n\u00e9ration. S\u2019il \u00e9tait anglais ou quelque chose comme<br \/>\n\u00e7a et qu\u2019il finissait sixi\u00e8me au volant d\u2019une Sauber, il ferait la<br \/>\nune de tous les journaux du lendemain. Ce qu\u2019il fait est<br \/>\nexceptionnel\u00a0\u00bb, a confi\u00e9 l\u2019Espagnol d\u2019Aston Martin,<br \/>\ndithyrambique.<\/p>\n<p>Concr\u00e8tement, le meilleur rookie au classement du championnat du<br \/>\nmonde est Kimi Antonelli (7e, 64 pts), mieux arm\u00e9 au volant de sa<br \/>\nMercedes. Vient ensuite Hadjar, 13e avec 22 points. Gabriel<br \/>\nBortoleto est 17e avec 14 points, mais le Br\u00e9silien a marqu\u00e9 tous<br \/>\nses points lors des quatre derniers GP, et il vient de signer une<br \/>\n6e place en Hongrie. Au Fran\u00e7ais de r\u00e9pliquer\u2026<\/p>\n<blockquote class=\"twitter-tweet\"><p><a class=\"twitter-link\" rel=\"noindex, nofollow noopener\" href=\"https:\/\/twitter.com\/startonpole\/status\/1952025584478904617\" target=\"_blank\"><\/p><\/blockquote>\n<p>\u00a0<\/p>\n<p>\u00a0<\/p>\n<p><script async src=\"https:\/\/platform.twitter.com\/widgets.js\" charset=\"utf-8\"><\/script><\/p>\n","protected":false},"excerpt":{"rendered":"Sensation de la premi\u00e8re partie de saison en Formule 1, Isack Hadjar n&rsquo;est plus le petit jeune \u00e0&hellip;\n","protected":false},"author":2,"featured_media":296096,"comment_status":"","ping_status":"","sticky":false,"template":"","format":"standard","meta":{"footnotes":""},"categories":[1412],"tags":[1451,1452,1453,1454,1455,1011,27,60],"class_list":{"0":"post-296095","1":"post","2":"type-post","3":"status-publish","4":"format-standard","5":"has-post-thumbnail","7":"category-f1","8":"tag-f1","9":"tag-formula-1","10":"tag-formula1","11":"tag-formule-1","12":"tag-formule1","13":"tag-fr","14":"tag-france","15":"tag-sports"},"share_on_mastodon":{"url":"https:\/\/pubeurope.com\/@fr\/114971392376321701","error":""},"_links":{"self":[{"href":"https:\/\/www.europesays.com\/fr\/wp-json\/wp\/v2\/posts\/296095","targetHints":{"allow":["GET"]}}],"collection":[{"href":"https:\/\/www.europesays.com\/fr\/wp-json\/wp\/v2\/posts"}],"about":[{"href":"https:\/\/www.europesays.com\/fr\/wp-json\/wp\/v2\/types\/post"}],"author":[{"embeddable":true,"href":"https:\/\/www.europesays.com\/fr\/wp-json\/wp\/v2\/users\/2"}],"replies":[{"embeddable":true,"href":"https:\/\/www.europesays.com\/fr\/wp-json\/wp\/v2\/comments?post=296095"}],"version-history":[{"count":0,"href":"https:\/\/www.europesays.com\/fr\/wp-json\/wp\/v2\/posts\/296095\/revisions"}],"wp:featuredmedia":[{"embeddable":true,"href":"https:\/\/www.europesays.com\/fr\/wp-json\/wp\/v2\/media\/296096"}],"wp:attachment":[{"href":"https:\/\/www.europesays.com\/fr\/wp-json\/wp\/v2\/media?parent=296095"}],"wp:term":[{"taxonomy":"category","embeddable":true,"href":"https:\/\/www.europesays.com\/fr\/wp-json\/wp\/v2\/categories?post=296095"},{"taxonomy":"post_tag","embeddable":true,"href":"https:\/\/www.europesays.com\/fr\/wp-json\/wp\/v2\/tags?post=296095"}],"curies":[{"name":"wp","href":"https:\/\/api.w.org\/{rel}","templated":true}]}}