{"id":296097,"date":"2025-08-04T16:16:10","date_gmt":"2025-08-04T16:16:10","guid":{"rendered":"https:\/\/www.europesays.com\/fr\/296097\/"},"modified":"2025-08-04T16:16:10","modified_gmt":"2025-08-04T16:16:10","slug":"combien-pauline-ferrand-prevot-a-t-elle-gagne","status":"publish","type":"post","link":"https:\/\/www.europesays.com\/fr\/296097\/","title":{"rendered":"combien Pauline Ferrand-Pr\u00e9vot a-t-elle gagn\u00e9 ?"},"content":{"rendered":"<p class=\"article-p mdl\">259.430 euros de \u00ab\u00a0prize money\u00a0\u00bb pour les 154 coureuses du Tour de France Femmes avec Zwift 2025. Sans surprise, la grande gagnante de ces primes est la Fran\u00e7aise Pauline Ferrand-Pr\u00e9vot. La R\u00e9moise a termin\u00e9 son premier Tour de France en apoth\u00e9ose en remportant la derni\u00e8re \u00e9tape de cette \u00e9dition avec le maillot jaune sur le dos.<\/p>\n<p class=\"article-p mdl\">Gr\u00e2ce \u00e0 sa premi\u00e8re place au classement g\u00e9n\u00e9ral,\u00a0<a class=\"link\" href=\"https:\/\/www.rtl.fr\/sport\/autres-sports\/en-direct-jo-paris-2024-le-prodige-leon-marchand-l-espoir-ysaora-thibus-suivez-la-deuxieme-journee-de-competition-7900405349\" title=\"JO Paris 2024 : L\u00e9on Marchand et Pauline Ferrand-Pr\u00e9vot imp\u00e9riaux, remportent deux nouvelles m\u00e9dailles d&#039;or\" target=\"_blank\" rel=\"noopener\">la championne olympique de VTT<\/a>\u00a0a empoch\u00e9 un ch\u00e8que de 50.000 euros.\u00a0\u00c0 cela, il faut ajouter les 8.000 euros de ses deux victoires d&rsquo;\u00e9tape ou encore ses deux jours en jaune (200 euros). Au total, <strong>la Fran\u00e7aise repart des routes du Tour avec 61.050 euros en poche<\/strong>. \u00c0 titre de comparaison,\u00a0<a class=\"link\" href=\"https:\/\/www.rtl.fr\/sport\/autres-sports\/tour-de-france-2025-wout-van-aert-s-impose-sur-les-champs-elysees-tadej-pogacar-officiellement-sacre-pour-la-quatrieme-fois-7900526348\" title=\"Tour de France 2025 : Wout van Aert s&#039;impose sur les Champs-\u00c9lys\u00e9es, Tadej Pogacar officiellement sacr\u00e9 pour la quatri\u00e8me fois\" target=\"_blank\" rel=\"noopener\">Tadej Poga\u010dar, le vainqueur du Tour de France masculin<\/a>, a lui\u00a0<a class=\"link\" href=\"https:\/\/www.rtl.fr\/sport\/autres-sports\/tour-de-france-2025-combien-tadej-poga-ar-a-t-il-gagne-7900526468\" title=\"Tour de France 2025 : combien Tadej Poga\u010dar a-t-il gagn\u00e9 ?\" target=\"_blank\" rel=\"noopener\">remport\u00e9\u00a0628.030 euros<\/a>.\u00a0<\/p>\n<p class=\"article-p mdl\">Au classement des primes, Demi Vollering se classe deuxi\u00e8me avec 33.560 euros gagn\u00e9s. Ma\u00ebva Squiban compl\u00e8te le podium avec 14.220 euros de \u00ab\u00a0prize money\u00a0\u00bb. Elle a notamment pu capitaliser sur\u00a0<a class=\"link\" href=\"https:\/\/www.rtl.fr\/sport\/autres-sports\/tour-de-france-femmes-la-francaise-maeva-squiban-remporte-la-6e-etape-7900527259\" title=\"Tour de France femmes : la Fran\u00e7aise Maeva Squiban remporte la 6e \u00e9tape\" target=\"_blank\" rel=\"noopener\">ses deux victoires d&rsquo;\u00e9tape<\/a>\u00a0et son titre de super-combative du Tour (2.000 euros). Du c\u00f4t\u00e9 des \u00e9quipes, c&rsquo;est celle de Pauline Ferrand-Pr\u00e9vot, la\u00a0Visma-Lease a bike, qui a empoch\u00e9 le plus de gains (76.290 euros).\u00a0La derni\u00e8re \u00e9quipe du classement, Winspace Orange Seal, n&rsquo;a gagn\u00e9 que 290 euros.\u00a0<\/p>\n<p>    La r\u00e9daction vous recommande<\/p>\n<p class=\"s-newsletter__title\">\n                L\u2019actualit\u00e9 par la r\u00e9daction de RTL dans votre bo\u00eete mail.\n            <\/p>\n<p class=\"s-newsletter__subtitle\">\n                Gr\u00e2ce \u00e0 votre compte RTL abonnez-vous \u00e0 la newsletter RTL info pour suivre toute l&rsquo;actualit\u00e9 au quotidien\n            <\/p>\n<p>\n                                    Lire la suite\n                                <\/p>\n","protected":false},"excerpt":{"rendered":"259.430 euros de \u00ab\u00a0prize money\u00a0\u00bb pour les 154 coureuses du Tour de France Femmes avec Zwift 2025. Sans&hellip;\n","protected":false},"author":2,"featured_media":296098,"comment_status":"","ping_status":"","sticky":false,"template":"","format":"standard","meta":{"footnotes":""},"categories":[1411],"tags":[1154,207,107,2619,1011,27,60,210],"class_list":{"0":"post-296097","1":"post","2":"type-post","3":"status-publish","4":"format-standard","5":"has-post-thumbnail","7":"category-cyclisme","8":"tag-cycling","9":"tag-cyclisme","10":"tag-fil-info","11":"tag-fil-sport","12":"tag-fr","13":"tag-france","14":"tag-sports","15":"tag-tour-de-france"},"share_on_mastodon":{"url":"https:\/\/pubeurope.com\/@fr\/114971397228463628","error":""},"_links":{"self":[{"href":"https:\/\/www.europesays.com\/fr\/wp-json\/wp\/v2\/posts\/296097","targetHints":{"allow":["GET"]}}],"collection":[{"href":"https:\/\/www.europesays.com\/fr\/wp-json\/wp\/v2\/posts"}],"about":[{"href":"https:\/\/www.europesays.com\/fr\/wp-json\/wp\/v2\/types\/post"}],"author":[{"embeddable":true,"href":"https:\/\/www.europesays.com\/fr\/wp-json\/wp\/v2\/users\/2"}],"replies":[{"embeddable":true,"href":"https:\/\/www.europesays.com\/fr\/wp-json\/wp\/v2\/comments?post=296097"}],"version-history":[{"count":0,"href":"https:\/\/www.europesays.com\/fr\/wp-json\/wp\/v2\/posts\/296097\/revisions"}],"wp:featuredmedia":[{"embeddable":true,"href":"https:\/\/www.europesays.com\/fr\/wp-json\/wp\/v2\/media\/296098"}],"wp:attachment":[{"href":"https:\/\/www.europesays.com\/fr\/wp-json\/wp\/v2\/media?parent=296097"}],"wp:term":[{"taxonomy":"category","embeddable":true,"href":"https:\/\/www.europesays.com\/fr\/wp-json\/wp\/v2\/categories?post=296097"},{"taxonomy":"post_tag","embeddable":true,"href":"https:\/\/www.europesays.com\/fr\/wp-json\/wp\/v2\/tags?post=296097"}],"curies":[{"name":"wp","href":"https:\/\/api.w.org\/{rel}","templated":true}]}}