{"id":296105,"date":"2025-08-04T16:20:11","date_gmt":"2025-08-04T16:20:11","guid":{"rendered":"https:\/\/www.europesays.com\/fr\/296105\/"},"modified":"2025-08-04T16:20:11","modified_gmt":"2025-08-04T16:20:11","slug":"un-bel-atelier-autour-du-livre-au-xviiie-siecle-pour-le-pre-et-la-mission-locale","status":"publish","type":"post","link":"https:\/\/www.europesays.com\/fr\/296105\/","title":{"rendered":"Un bel atelier autour du livre au XVIIIe si\u00e8cle pour le PRE et la Mission locale"},"content":{"rendered":"<p><strong>La Maison des Lumi\u00e8res Denis-Diderot a propos\u00e9 un projet sur le livre au XVIIIe si\u00e8cle, pendant tout le mois de juillet.\u00a0Huit jeunes du Programme de r\u00e9ussite \u00e9ducative (PRE) et deux de la Mission Locale y ont particip\u00e9.<\/strong><\/p>\n<p>Le point de d\u00e9part de ce projet a \u00e9t\u00e9 l\u2019Encyclop\u00e9die, conserv\u00e9e \u00e0 la <a href=\"https:\/\/www.musees-langres.fr\/maison-des-lumieres-denis-diderot\/\" target=\"_blank\" rel=\"noopener nofollow\">Maison des Lumi\u00e8res Denis-Diderot<\/a>. Les jeunes ont d\u2019abord pu visiter le mus\u00e9e et participer \u00e0 un atelier gravure pour comprendre comment les livres \u00e9taient fabriqu\u00e9s au XVIIIe si\u00e8cle. Ils ont \u00e9galement pu visiter et d\u00e9couvrir le fonctionnement de la m\u00e9diath\u00e8que Marcel-Arland, mais aussi son fonds de livres anciens.<\/p>\n<p>Au cours du projet, r\u00e9partis en plusieurs s\u00e9ances, les jeunes ont pu imaginer et cr\u00e9er leur propre histoire en s\u2019inspirant des gravures de l\u2019Encyclop\u00e9die, avec l\u2019aide de Claire Gondor, \u00e9galement membre de l\u2019association l\u2019Autre Moiti\u00e9 du Ciel. Ga\u00eblle Chauveaux, de La fabrique des mots magiques, les a aid\u00e9s \u00e0 suivre les diff\u00e9rentes \u00e9tapes d\u2019impression qui leur ont permis de r\u00e9aliser une impression de leur travail d\u2019\u00e9criture.<\/p>\n<p>Ce projet intervient dans le cadre du contrat de Ville, <a href=\"https:\/\/jhm.fr\/un-ptit-succes-en-plus-pour-le-cinema-plein-air-de-la-ville\/\" rel=\"nofollow noopener\" target=\"_blank\">et a \u00e9t\u00e9 financ\u00e9 par le dispositif Quartier d\u2019\u00e9t\u00e9<\/a>. Il aura permis aux jeunes de renforcer leur ouverture, leur curiosit\u00e9 intellectuelle, mais aussi de renforcer leurs acquis p\u00e9dagogiques ou encore de s\u2019\u00e9panouir \u00e0 travers une activit\u00e9 cr\u00e9ative.\u00a0Une restitution a eu lieu mardi 29 juillet, qui a ravi les invit\u00e9s, comme les jeunes, qui ont appr\u00e9ci\u00e9 taper sur les vieilles machines \u00e0 \u00e9crire et cr\u00e9\u00e9r de A \u00e0 Z leurs propres papiers et carnets.<\/p>\n","protected":false},"excerpt":{"rendered":"La Maison des Lumi\u00e8res Denis-Diderot a propos\u00e9 un projet sur le livre au XVIIIe si\u00e8cle, pendant tout le&hellip;\n","protected":false},"author":2,"featured_media":296106,"comment_status":"","ping_status":"","sticky":false,"template":"","format":"standard","meta":{"footnotes":""},"categories":[1357],"tags":[1379,58,59,1011,27,1380],"class_list":{"0":"post-296105","1":"post","2":"type-post","3":"status-publish","4":"format-standard","5":"has-post-thumbnail","7":"category-livres","8":"tag-books","9":"tag-divertissement","10":"tag-entertainment","11":"tag-fr","12":"tag-france","13":"tag-livres"},"share_on_mastodon":{"url":"https:\/\/pubeurope.com\/@fr\/114971412110896524","error":""},"_links":{"self":[{"href":"https:\/\/www.europesays.com\/fr\/wp-json\/wp\/v2\/posts\/296105","targetHints":{"allow":["GET"]}}],"collection":[{"href":"https:\/\/www.europesays.com\/fr\/wp-json\/wp\/v2\/posts"}],"about":[{"href":"https:\/\/www.europesays.com\/fr\/wp-json\/wp\/v2\/types\/post"}],"author":[{"embeddable":true,"href":"https:\/\/www.europesays.com\/fr\/wp-json\/wp\/v2\/users\/2"}],"replies":[{"embeddable":true,"href":"https:\/\/www.europesays.com\/fr\/wp-json\/wp\/v2\/comments?post=296105"}],"version-history":[{"count":0,"href":"https:\/\/www.europesays.com\/fr\/wp-json\/wp\/v2\/posts\/296105\/revisions"}],"wp:featuredmedia":[{"embeddable":true,"href":"https:\/\/www.europesays.com\/fr\/wp-json\/wp\/v2\/media\/296106"}],"wp:attachment":[{"href":"https:\/\/www.europesays.com\/fr\/wp-json\/wp\/v2\/media?parent=296105"}],"wp:term":[{"taxonomy":"category","embeddable":true,"href":"https:\/\/www.europesays.com\/fr\/wp-json\/wp\/v2\/categories?post=296105"},{"taxonomy":"post_tag","embeddable":true,"href":"https:\/\/www.europesays.com\/fr\/wp-json\/wp\/v2\/tags?post=296105"}],"curies":[{"name":"wp","href":"https:\/\/api.w.org\/{rel}","templated":true}]}}