{"id":296107,"date":"2025-08-04T16:21:10","date_gmt":"2025-08-04T16:21:10","guid":{"rendered":"https:\/\/www.europesays.com\/fr\/296107\/"},"modified":"2025-08-04T16:21:10","modified_gmt":"2025-08-04T16:21:10","slug":"audiences-juillet-2025-meme-lete-cnews-prend-le-pouvoir-et-surclasse-bfmtv-qui-secroule-lci-hausse-son-niveau-de-jeu-franceinfo-decoit","status":"publish","type":"post","link":"https:\/\/www.europesays.com\/fr\/296107\/","title":{"rendered":"Audiences juillet 2025 : M\u00eame l&rsquo;\u00e9t\u00e9, CNews prend le pouvoir et surclasse BFMTV qui s&rsquo;\u00e9croule, LCI hausse son niveau de jeu, Franceinfo d\u00e9\u00e7oit"},"content":{"rendered":"<p>La suite apr\u00e8s la publicit\u00e9<\/p>\n<p>Le rapport de force s&rsquo;inverse aussi en juillet. Pour la premi\u00e8re fois de son histoire, CNews, pourtant priv\u00e9e de ses animateurs phares en cong\u00e9s pendant l&rsquo;\u00e9t\u00e9 (<a href=\"https:\/\/www.ozap.com\/personnalite\/pascal-praud_e285802\" rel=\"nofollow noopener\" target=\"_blank\">Pascal Praud<\/a>, <a href=\"https:\/\/www.ozap.com\/personnalite\/sonia-mabrouk_e159911\" rel=\"nofollow noopener\" target=\"_blank\">Sonia Mabrouk<\/a>, <a href=\"https:\/\/www.ozap.com\/personnalite\/christine-kelly_e1719\" rel=\"nofollow noopener\" target=\"_blank\">Christine Kelly&#8230;<\/a>), prend le meilleur sur BFMTV entre le 30 juin et le 3 ao\u00fbt.\u00a0<\/p>\n<p>CNews d\u00e9tr\u00f4ne BFMTV pour la premi\u00e8re fois en juillet<\/p>\n<p>Selon les donn\u00e9es, publi\u00e9es ce lundi 4 ao\u00fbt 2025 par M\u00e9diam\u00e9trie, la cha\u00eene du groupe Canal+ a convaincu <strong>3,1%<\/strong> des individus \u00e2g\u00e9s de quatre ans et plus quand sa concurrente du groupe CMA CGM de Rodolphe Saad\u00e9 a rassembl\u00e9 <strong>2,7%<\/strong> de l&rsquo;ensemble du public. <a href=\"https:\/\/www.ozap.com\/actu\/audiences-juillet-2024-bfmtv-renoue-avec-la-premiere-place-devant-cnews-en-forte-hausse-lci-souffre-franceinfo-a-1\/645090\" rel=\"nofollow noopener\" target=\"_blank\">L&rsquo;an pass\u00e9, \u00e0 la m\u00eame p\u00e9riode<\/a>, BFMTV, battue pour la premi\u00e8re fois par CNews <a href=\"https:\/\/www.ozap.com\/actu\/audiences-mai-2024-pour-la-premiere-fois-de-son-histoire-bfmtv-detronee-par-cnews-n-est-plus-premiere-chaine-info-de-france\/644228\" rel=\"nofollow noopener\" target=\"_blank\">en mai<\/a> et <a href=\"https:\/\/www.ozap.com\/actu\/audiences-juin-2024-record-historique-pour-cnews-plus-forte-que-bfmtv-pour-le-deuxieme-mois-d-affilee-lci-chute-franceinfo-revit\/644688\" rel=\"nofollow noopener\" target=\"_blank\">juin 2024<\/a>, revendiquait encore le leadership en juillet (3,4% pour BFMTV contre 3,1% pour CNews). De son c\u00f4t\u00e9, LCI (<strong>2,0%<\/strong>)<strong> <\/strong>\u00e9gale son meilleur mois de juillet fix\u00e9 en 2023. Franceinfo (<strong>0,9%<\/strong>), elle, \u00e9choue \u00e0 accrocher le pourcent de part d&rsquo;audience convoit\u00e9 par la direction de la cha\u00eene publique.<\/p>\n<p>Dans le d\u00e9tail \u00e0 pr\u00e9sent, CNews, <a href=\"https:\/\/www.ozap.com\/actu\/audiences-juin-2025-mois-historique-pour-cnews-qui-enregistre-une-avance-record-sur-bfmtv-lci-gagnante-de-la-nouvelle-numerotation-de-la-tnt\/650608\" rel=\"nofollow noopener\" target=\"_blank\">qui a sign\u00e9 en juin 2025 un mois record parachevant une saison au plus haut<\/a>, a donc inflig\u00e9 un nouveau revers \u00e0 BFMTV, qui termine une saison sans solution pour rivaliser. Si la cha\u00eene du groupe Canal+ ne progresse pas sur un an, elle a surclass\u00e9 sa concurrente 23 journ\u00e9es sur les 35 mesur\u00e9es avec une avance pouvant atteindre jusqu&rsquo;\u00e0 1,1 point le vendredi 1er ao\u00fbt (3,8% contre 2,7%). CNews a rassembl\u00e9 au maximum 4,2% du public les lundi 30 juin et jeudi 3 juillet. \u00c0 l&rsquo;inverse, bien qu&rsquo;elle se porte parfois \u00e0 la hauteur de BFMTV le week-end (samedis 5 et 26 juillet et 2 ao\u00fbt et dimanche 6 juillet), son r\u00e9sultat journalier est tomb\u00e9 jusqu&rsquo;\u00e0 2,1% du public le dimanche 20 juillet.<\/p>\n<p>La part d&rsquo;audience de BFMTV, qui n&rsquo;a pas cr\u00e9\u00e9 suffisamment d&rsquo;\u00e9cart lors des jours faibles de sa concurrente, plonge de 0,7 point sur l&rsquo;ensemble du public en juillet. La chute est encore plus raide sur les 25-49 ans (3,2% ; &#8211; 1,1 point sur un an), cible commerciale sur laquelle la cha\u00eene reste n\u00e9anmoins leader. En retrait constant en semaine, BFMTV a bouscul\u00e9 la marche en avant de CNews, uniquement le mardi 15 juillet (4,2% pour BFMTV, 4,0% pour CNews), <a href=\"https:\/\/www.ozap.com\/actu\/audiences-bfmtv-senvole-avec-le-discours-de-francois-bayrou-sur-le-budget-2026-lci-plus-forte-que-cnews\/650828\" rel=\"nofollow noopener\" target=\"_blank\">jour de la pr\u00e9sentation par Fran\u00e7ois Bayrou du budget 2026.\u00a0<\/a><\/p>\n<p>LCI \u00e0 l&rsquo;objectif, Franceinfo d\u00e9\u00e7oit<\/p>\n<p>La diffusion de ce m\u00eame discours du Premier ministre a \u00e9galement r\u00e9ussi \u00e0 LCI (avec une pointe \u00e0 3,1% de part d&rsquo;audience), qui a donc atteint en juillet les 2 points de part d&rsquo;audience (+ 0,4 point en un an), barre qui correspond \u00e0 <a href=\"https:\/\/www.ozap.com\/actu\/2-de-part-daudience-dici-la-fin-2025-avant-la-bascule-de-lci-sur-la-15-thierry-thuillier-et-guillaume-debre-devoilent-leurs-ambitions-pour-la-chaine-info\/649960\" rel=\"nofollow noopener\" target=\"_blank\">l&rsquo;objectif avanc\u00e9 par Thierry Thuillier, directeur de l&rsquo;information du groupe TF1, apr\u00e8s la bascule de LCI du canal 26 au canal 15 de la TNT<\/a>. Cr\u00e9dit\u00e9e de 1,3% de part d&rsquo;audience sur les 25-49 ans ( + 0,4 point en un an), la cha\u00eene, dirig\u00e9e par Guillaume Debr\u00e9, revendique par ailleurs son deuxi\u00e8me meilleur mois historique sur cet indicateur.<\/p>\n<p>Sous le pourcent de part d&rsquo;audience,<a href=\"https:\/\/www.ozap.com\/actu\/linformation-nest-pas-une-opinion-pour-son-arrivee-sur-le-canal-16-franceinfo-part-a-la-chasse-aux-toutologues-et-prend-le-contre-pied-de-cnews\/650112\" rel=\"nofollow noopener\" target=\"_blank\"> Franceinfo, enfin, ferme donc la marche avec un score d\u00e9cevant<\/a> (- 0,1 point sur un an). En signant son record de saison sur un jour le mardi 15 juillet (1,4%), la cha\u00eene publique s&rsquo;est toutefois, elle aussi, d\u00e9marqu\u00e9e lors de la s\u00e9quence du budget 2026. Les trois derniers jours du mois ont \u00e9t\u00e9 plus difficiles, la cha\u00eene info enregistrant notamment une tr\u00e8s mince part d&rsquo;audience de 0,7% ce dimanche 3 ao\u00fbt.<\/p>\n<p>Le classement des cha\u00eenes info en juillet 2025<\/p>\n<p>1. CNews \/ 3,1% \/ <strong>=<\/strong> \/ <strong>&#8211; 0,5<\/strong><br \/>2. BFMTV \/ 2,7% \/ <strong>&#8211; 0,7 <\/strong>\/ &#8211; 0,2<br \/>3. LCI \/ 2,0% \/ <strong>+ 0,4<\/strong> \/ &#8211; 0,3<br \/>4. Franceinfo \/ 0,9% \/ &#8211; 0,1 \/ <strong>&#8211; 0,1<\/strong><\/p>\n<p>(cha\u00eene \/ part de march\u00e9 \/ \u00e9volution sur un an \/ \u00e9volution sur un mois)<\/p>\n","protected":false},"excerpt":{"rendered":"La suite apr\u00e8s la publicit\u00e9 Le rapport de force s&rsquo;inverse aussi en juillet. Pour la premi\u00e8re fois de&hellip;\n","protected":false},"author":2,"featured_media":296108,"comment_status":"","ping_status":"","sticky":false,"template":"","format":"standard","meta":{"footnotes":""},"categories":[1356],"tags":[58,59,1011,27,252,1364],"class_list":{"0":"post-296107","1":"post","2":"type-post","3":"status-publish","4":"format-standard","5":"has-post-thumbnail","7":"category-television","8":"tag-divertissement","9":"tag-entertainment","10":"tag-fr","11":"tag-france","12":"tag-television","13":"tag-tv"},"share_on_mastodon":{"url":"https:\/\/pubeurope.com\/@fr\/114971415926765609","error":""},"_links":{"self":[{"href":"https:\/\/www.europesays.com\/fr\/wp-json\/wp\/v2\/posts\/296107","targetHints":{"allow":["GET"]}}],"collection":[{"href":"https:\/\/www.europesays.com\/fr\/wp-json\/wp\/v2\/posts"}],"about":[{"href":"https:\/\/www.europesays.com\/fr\/wp-json\/wp\/v2\/types\/post"}],"author":[{"embeddable":true,"href":"https:\/\/www.europesays.com\/fr\/wp-json\/wp\/v2\/users\/2"}],"replies":[{"embeddable":true,"href":"https:\/\/www.europesays.com\/fr\/wp-json\/wp\/v2\/comments?post=296107"}],"version-history":[{"count":0,"href":"https:\/\/www.europesays.com\/fr\/wp-json\/wp\/v2\/posts\/296107\/revisions"}],"wp:featuredmedia":[{"embeddable":true,"href":"https:\/\/www.europesays.com\/fr\/wp-json\/wp\/v2\/media\/296108"}],"wp:attachment":[{"href":"https:\/\/www.europesays.com\/fr\/wp-json\/wp\/v2\/media?parent=296107"}],"wp:term":[{"taxonomy":"category","embeddable":true,"href":"https:\/\/www.europesays.com\/fr\/wp-json\/wp\/v2\/categories?post=296107"},{"taxonomy":"post_tag","embeddable":true,"href":"https:\/\/www.europesays.com\/fr\/wp-json\/wp\/v2\/tags?post=296107"}],"curies":[{"name":"wp","href":"https:\/\/api.w.org\/{rel}","templated":true}]}}