{"id":296120,"date":"2025-08-04T16:28:10","date_gmt":"2025-08-04T16:28:10","guid":{"rendered":"https:\/\/www.europesays.com\/fr\/296120\/"},"modified":"2025-08-04T16:28:10","modified_gmt":"2025-08-04T16:28:10","slug":"donald-trump-menace-linde-daugmenter-la-surtaxe-sur-les-produits-a-cause-des-achats-de-petrole-russe","status":"publish","type":"post","link":"https:\/\/www.europesays.com\/fr\/296120\/","title":{"rendered":"Donald Trump menace l\u2019Inde d&rsquo;augmenter la surtaxe sur les produits \u00e0 cause des achats de p\u00e9trole russe"},"content":{"rendered":"<p>Les Indiens \u00abne se soucient pas du nombre de personnes qui sont tu\u00e9es en Ukraine par la machine de guerre russe\u00bb, affirme le chef de l\u2019\u00c9tat dans un message sur sa plateforme Truth Social.<\/p>\n<p class=\"fig-paragraph\">Le pr\u00e9sident am\u00e9ricain\u00a0<a href=\"http:\/\/www.lefigaro.fr\/international\/guerre-en-ukraine-la-tension-monte-entre-donald-trump-et-vladimir-poutine-20250803\" data-fig-type=\"Article\" data-gtm-custom-categorie=\"navigation\" data-gtm-custom-action=\"crossclick\" data-gtm-custom-label=\"Contextuel\" data-gtm-event=\"customEventSPE\" data-fig-domain=\"LEFIGARO\" rel=\"nofollow noopener\" target=\"_blank\">Donald Trump<\/a>\u00a0a menac\u00e9 lundi d\u2019augmenter \u00absignificativement\u00bb la surtaxe de 25% qu\u2019il pr\u00e9voit de mettre en place sur les produits en provenance d\u2019Inde, pays auquel il reproche d\u2019acheter de \u00abgrandes quantit\u00e9s de p\u00e9trole russe\u00bb. Les Indiens \u00abne se soucient pas du nombre de personnes qui sont tu\u00e9es en Ukraine par la machine de guerre russe\u00bb, affirme le chef de l\u2019Etat dans un message sur sa plateforme Truth Social.<\/p>\n<p class=\"fig-paragraph\">\u00abA cause de cela, je vais significativement augmenter les droits de douane pay\u00e9s par l\u2019Inde aux Etats-Unis\u00bb, ajoute-t-il. Les produits issus de dizaines de partenaires commerciaux des Etats-Unis, dont l\u2019Union europ\u00e9enne et l\u2019Inde, doivent \u00eatre frapp\u00e9s par une nouvelle surtaxe \u00e0 compter de jeudi, au nom du r\u00e9\u00e9quilibrage des \u00e9changes souhait\u00e9 par le pr\u00e9sident am\u00e9ricain. Les droits de douane programm\u00e9s pour l\u2019Inde sont pour l\u2019heure de 25%.<\/p>\n<p>                                    <a class=\"fig-a11y-skip a11y-hidden\" href=\"#fig-a11y-skip-main-inarticle\"><br \/>\n        Passer la publicit\u00e9<br \/>\n    <\/a><\/p>\n<p class=\"fig-paragraph\">Mais Donald Trump avait pr\u00e9venu qu\u2019il voulait imposer des sanctions dites \u00absecondaires\u00bb, c\u2019est-\u00e0-dire inflig\u00e9es aux pays qui ach\u00e8tent notamment du p\u00e9trole russe, dans le but de tarir cette source de revenus essentielle pour Moscou. Donald Trump avait ainsi d\u00e9j\u00e0 critiqu\u00e9 l\u2019Inde pour ses achats d\u2019hydrocarbures et d\u2019armement russes. L\u2019Inde est le deuxi\u00e8me acheteur de p\u00e9trole russe apr\u00e8s la Chine. Dans son message lundi, Donald Trump accuse l\u2019Inde \u00abnon seulement d\u2019acheter de grandes quantit\u00e9s de p\u00e9trole russe\u00bb mais aussi d\u2019en revendre une grande partie sur les march\u00e9s internationaux \u00abpour faire de gros profits\u00bb.<\/p>\n","protected":false},"excerpt":{"rendered":"Les Indiens \u00abne se soucient pas du nombre de personnes qui sont tu\u00e9es en Ukraine par la machine&hellip;\n","protected":false},"author":2,"featured_media":296121,"comment_status":"","ping_status":"","sticky":false,"template":"","format":"standard","meta":{"footnotes":""},"categories":[6],"tags":[35,75,981,33,34,1011,27,5595],"class_list":{"0":"post-296120","1":"post","2":"type-post","3":"status-publish","4":"format-standard","5":"has-post-thumbnail","7":"category-economie","8":"tag-business","9":"tag-donald-trump","10":"tag-douane","11":"tag-economie","12":"tag-economy","13":"tag-fr","14":"tag-france","15":"tag-inde"},"share_on_mastodon":{"url":"https:\/\/pubeurope.com\/@fr\/114971443492330034","error":""},"_links":{"self":[{"href":"https:\/\/www.europesays.com\/fr\/wp-json\/wp\/v2\/posts\/296120","targetHints":{"allow":["GET"]}}],"collection":[{"href":"https:\/\/www.europesays.com\/fr\/wp-json\/wp\/v2\/posts"}],"about":[{"href":"https:\/\/www.europesays.com\/fr\/wp-json\/wp\/v2\/types\/post"}],"author":[{"embeddable":true,"href":"https:\/\/www.europesays.com\/fr\/wp-json\/wp\/v2\/users\/2"}],"replies":[{"embeddable":true,"href":"https:\/\/www.europesays.com\/fr\/wp-json\/wp\/v2\/comments?post=296120"}],"version-history":[{"count":0,"href":"https:\/\/www.europesays.com\/fr\/wp-json\/wp\/v2\/posts\/296120\/revisions"}],"wp:featuredmedia":[{"embeddable":true,"href":"https:\/\/www.europesays.com\/fr\/wp-json\/wp\/v2\/media\/296121"}],"wp:attachment":[{"href":"https:\/\/www.europesays.com\/fr\/wp-json\/wp\/v2\/media?parent=296120"}],"wp:term":[{"taxonomy":"category","embeddable":true,"href":"https:\/\/www.europesays.com\/fr\/wp-json\/wp\/v2\/categories?post=296120"},{"taxonomy":"post_tag","embeddable":true,"href":"https:\/\/www.europesays.com\/fr\/wp-json\/wp\/v2\/tags?post=296120"}],"curies":[{"name":"wp","href":"https:\/\/api.w.org\/{rel}","templated":true}]}}