{"id":296122,"date":"2025-08-04T16:29:10","date_gmt":"2025-08-04T16:29:10","guid":{"rendered":"https:\/\/www.europesays.com\/fr\/296122\/"},"modified":"2025-08-04T16:29:10","modified_gmt":"2025-08-04T16:29:10","slug":"gaza-netanyahou-annonce-de-nouvelles-instructions-a-tsahal-pour-poursuivre-la-guerre","status":"publish","type":"post","link":"https:\/\/www.europesays.com\/fr\/296122\/","title":{"rendered":"Gaza : Netanyahou annonce de nouvelles instructions \u00e0 Tsahal pour poursuivre la guerre"},"content":{"rendered":"<p class=\"paragraph text_align_left lp-f-body-02\">Une semaine apr\u00e8s avoir <a href=\"https:\/\/www.leparisien.fr\/video\/video-cest-une-humiliation-a-gaza-le-chaos-des-largages-daide-humanitaire-03-08-2025-OAYEFM6BWFFHNBQB7UR4IDC2G4.php\" target=\"_self\" rel=\"noopener\">relanc\u00e9 les largages a\u00e9riens <\/a>et permis \u00e0 de l\u2019aide humanitaire d\u2019entrer dans la bande de Gaza, <a href=\"https:\/\/www.leparisien.fr\/international\/israel\/benyamin-netanyahou\/\" target=\"_self\" rel=\"noopener\">Benyamin Netanyahou<\/a> r\u00e9fl\u00e9chit \u00e0 la mani\u00e8re de poursuivre sa guerre contre le Hamas dans l\u2019enclave palestinienne.<\/p>\n<p class=\"paragraph text_align_left lp-f-body-02\">Le premier ministre isra\u00e9lien a ainsi annonc\u00e9 ce lundi qu\u2019il allait \u00ab donner \u00bb de nouvelles \u00ab instructions \u00e0 <a href=\"https:\/\/www.leparisien.fr\/international\/syrie\/israel-nabandonnera-pas-les-druzes-en-syrie-tsahal-frappe-damas-et-le-sud-du-pays-16-07-2025-5OQZ67VGQZH2TCTPWKCE2ZXJW4.php\" target=\"_self\" rel=\"noopener\">Tsahal <\/a>\u00bb dans la semaine. Il va \u00ab convoquer le cabinet \u00bb pour r\u00e9fl\u00e9chir \u00ab \u00e0 la mani\u00e8re d\u2019atteindre les trois objectifs de guerre fix\u00e9s \u00bb.<\/p>\n<p class=\"paragraph text_align_left lp-f-body-02\">Des buts martel\u00e9s par <a href=\"https:\/\/www.leparisien.fr\/faits-divers\/lex-indic-et-le-mysterieux-contrat-dassassinat-qui-viserait-lavocat-francais-de-benyamin-netanyahou-28-07-2025-M3LQCQO5B5GWFG4NTWMRM6ZRMU.php\" target=\"_self\" rel=\"noopener\">Netanyahou<\/a> juste apr\u00e8s le Conseil des ministres de ce lundi : \u00ab Nous devons continuer \u00e0 rester unis et \u00e0 nous battre ensemble pour atteindre les objectifs de la guerre que nous nous sommes fix\u00e9s : vaincre l\u2019ennemi, <a href=\"https:\/\/www.leparisien.fr\/international\/israel\/guerre-a-gaza-que-sait-on-des-otages-toujours-retenus-par-le-hamas-04-08-2025-MS5NCODZCZCZVAEBC25N6B34EA.php\" target=\"_self\" rel=\"noopener\">lib\u00e9rer nos otages<\/a> et garantir que Gaza ne constitue plus une menace pour Isra\u00ebl. \u00bb<\/p>\n<p>Appel \u00e0 l\u2019unit\u00e9<\/p>\n<p class=\"paragraph text_align_left lp-f-body-02\"><a href=\"https:\/\/www.leparisien.fr\/international\/israel\/gaza-netanyahou-etudie-dautres-options-que-les-negociations-pour-liberer-les-otages-25-07-2025-MQZSSA7HTVFOZG3MCYQR5FQ7GM.php\" target=\"_self\" rel=\"noopener\">Le dirigeant isra\u00e9lien<\/a> en a profit\u00e9 pour rappeler que son pays \u00e9tait en plein \u00ab milieu d\u2019une guerre intense dans laquelle nous avons obtenu des succ\u00e8s tr\u00e8s importants, historiques \u00bb.<\/p>\n<p class=\"paragraph text_align_left lp-f-body-02\">Netanyahou a \u00e9galement rappel\u00e9 que ses victoires, remport\u00e9es dans la bande de Gaza, \u00e9taient avant tout li\u00e9es \u00e0 \u00ab l\u2019unit\u00e9 \u00bb et \u00e0 l\u2019absence de division dans la soci\u00e9t\u00e9 isra\u00e9lienne. Des d\u00e9clarations qui interviennent dans un contexte tendu pour le chef d\u2019\u00c9tat, qui fait face \u00e0 <a href=\"https:\/\/www.leparisien.fr\/international\/israel\/ce-gouvernement-ne-tombera-pas-en-israel-benyamin-netanyahou-pris-en-etau-25-07-2025-23PFRFJBYBHWDO2GY5LSFVZ4A4.php\" target=\"_self\" rel=\"noopener\">une vague de critiques internes<\/a> et externes depuis plusieurs semaines.<\/p>\n<p class=\"paragraph text_align_left lp-f-body-02\">D\u2019un c\u00f4t\u00e9, certains alli\u00e9s occidentaux d\u2019Isra\u00ebl, de plus en plus <a href=\"https:\/\/www.leparisien.fr\/international\/reconnaissance-de-letat-de-palestine-par-la-france-quels-sont-les-pays-qui-nont-pas-franchi-le-pas-25-07-2025-SFYY3TW46RA3NCYPJR7PR43AOQ.php\" target=\"_self\" rel=\"noopener\">ouverts \u00e0 reconna\u00eetre la Palestine<\/a>, reprochent \u00e0 l\u2019\u00c9tat h\u00e9breu les conditions humanitaires pr\u00e9caires dans la bande de Gaza. De l\u2019autre, Netanyahou est critiqu\u00e9 par <a href=\"https:\/\/www.leparisien.fr\/international\/israel\/guerre-a-gaza-consterne-par-les-nouvelles-videos-dotages-israeliens-benyamin-netanyahou-sentretient-avec-les-familles-03-08-2025-6X72WADLMVBDXOVLKEGK72CC3U.php\" target=\"_self\" rel=\"noopener\">les familles d\u2019otages<\/a>, choqu\u00e9s par les images de leurs proches retenus dans l\u2019enclave palestinienne.<\/p>\n","protected":false},"excerpt":{"rendered":"Une semaine apr\u00e8s avoir relanc\u00e9 les largages a\u00e9riens et permis \u00e0 de l\u2019aide humanitaire d\u2019entrer dans la bande&hellip;\n","protected":false},"author":2,"featured_media":117999,"comment_status":"","ping_status":"","sticky":false,"template":"","format":"standard","meta":{"footnotes":""},"categories":[5],"tags":[11,1011,27,14,664,12,28],"class_list":{"0":"post-296122","1":"post","2":"type-post","3":"status-publish","4":"format-standard","5":"has-post-thumbnail","7":"category-international","8":"tag-actualites","9":"tag-fr","10":"tag-france","11":"tag-international","12":"tag-israel","13":"tag-news","14":"tag-world"},"share_on_mastodon":{"url":"https:\/\/pubeurope.com\/@fr\/114971447449750399","error":""},"_links":{"self":[{"href":"https:\/\/www.europesays.com\/fr\/wp-json\/wp\/v2\/posts\/296122","targetHints":{"allow":["GET"]}}],"collection":[{"href":"https:\/\/www.europesays.com\/fr\/wp-json\/wp\/v2\/posts"}],"about":[{"href":"https:\/\/www.europesays.com\/fr\/wp-json\/wp\/v2\/types\/post"}],"author":[{"embeddable":true,"href":"https:\/\/www.europesays.com\/fr\/wp-json\/wp\/v2\/users\/2"}],"replies":[{"embeddable":true,"href":"https:\/\/www.europesays.com\/fr\/wp-json\/wp\/v2\/comments?post=296122"}],"version-history":[{"count":0,"href":"https:\/\/www.europesays.com\/fr\/wp-json\/wp\/v2\/posts\/296122\/revisions"}],"wp:featuredmedia":[{"embeddable":true,"href":"https:\/\/www.europesays.com\/fr\/wp-json\/wp\/v2\/media\/117999"}],"wp:attachment":[{"href":"https:\/\/www.europesays.com\/fr\/wp-json\/wp\/v2\/media?parent=296122"}],"wp:term":[{"taxonomy":"category","embeddable":true,"href":"https:\/\/www.europesays.com\/fr\/wp-json\/wp\/v2\/categories?post=296122"},{"taxonomy":"post_tag","embeddable":true,"href":"https:\/\/www.europesays.com\/fr\/wp-json\/wp\/v2\/tags?post=296122"}],"curies":[{"name":"wp","href":"https:\/\/api.w.org\/{rel}","templated":true}]}}