{"id":296123,"date":"2025-08-04T16:30:11","date_gmt":"2025-08-04T16:30:11","guid":{"rendered":"https:\/\/www.europesays.com\/fr\/296123\/"},"modified":"2025-08-04T16:30:11","modified_gmt":"2025-08-04T16:30:11","slug":"ce-que-lon-sait-de-cette-affaire-a-dijon-qui-rappelle-les-viols-de-mazan","status":"publish","type":"post","link":"https:\/\/www.europesays.com\/fr\/296123\/","title":{"rendered":"Ce que l\u2019on sait de cette affaire \u00e0 Dijon qui rappelle les viols de Mazan"},"content":{"rendered":"<p>        <img decoding=\"async\" loading=\"lazy\" src=\"https:\/\/www.europesays.com\/fr\/wp-content\/uploads\/2025\/06\/5e806a2_sirius-fs-upload-1-t6dn82eyka5c-1744379942110-000-34rn2hf.jpg\"  width=\"728\" height=\"409\" alt=\"Une voiture de police suivait \u00e0 distance ce v\u00e9hicule visiblement rempli d\u2019adolescents qui n\u2019avaient pas l\u2019\u00e2ge de passer le permis de conduire (photo d\u2019illustration).\"\/>  <\/p>\n<p>LOU BENOIST \/ AFP<\/p>\n<p>Une voiture de police suivait \u00e0 distance ce v\u00e9hicule visiblement rempli d\u2019adolescents qui n\u2019avaient pas l\u2019\u00e2ge de passer le permis de conduire (photo d\u2019illustration).<\/p>\n<p class=\"asset asset-text\">JUSTICE &#8211; Uune sordide affaire de violences sexuelles. Un sexag\u00e9naire a \u00e9t\u00e9 mis en examen samedi 2\u00a0ao\u00fbt \u00e0 <a href=\"https:\/\/www.huffingtonpost.fr\/faits-divers\/article\/trois-macons-tues-dans-l-effondrement-d-un-mur-pres-de-dijon-ce-que-l-on-sait-de-cet-accident-mortel_249953.html\" target=\"_blank\" rel=\"noopener\">Dijon<\/a>., a indiqu\u00e9 le parquet du chef-lieu de la C\u00f4te-d\u2019Or. Il est soup\u00e7onn\u00e9 d\u2019avoir alcoolis\u00e9 son \u00e9pouse, de pr\u00e8s de vingt ans sa cadette, et de l\u2019avoir <a href=\"https:\/\/www.huffingtonpost.fr\/justice\/article\/caroline-darian-fille-de-dominique-pelicot-porte-plainte-pour-viol-contre-son-pere_247073.html\" target=\"_blank\" rel=\"noopener\">viol\u00e9e<\/a> et fait violer par d\u2019autres hommes.<\/p>\n<p class=\"asset asset-text\">Les faits, qui ont eu lieu lors d\u2019une soir\u00e9e pr\u00e9sent\u00e9e comme libertine par le suspect, ont \u00e9t\u00e9 beaucoup repris dans la presse locale, de <a href=\"https:\/\/france3-regions.franceinfo.fr\/bourgogne-franche-comte\/cote-d-or\/dijon\/il-aurait-fait-violer-sa-femme-par-plusieurs-hommes-apres-l-avoir-alcoolisee-un-sexagenaire-interpelle-a-dijon-3196539.html\" target=\"_blank\" rel=\"noopener\" title=\"Nouvelle fen\u00eatre\">France 3\u00a0Bourgogne<\/a> au <a href=\"https:\/\/www.bienpublic.com\/faits-divers-justice\/2025\/08\/02\/une-affaire-similaire-aux-viols-de-mazan-a-dijon?at_content=photo&amp;at_term=Lebienpublic&amp;at_campaign=Twitter&amp;at_medium=Social&amp;at_source=nonli\" target=\"_blank\" rel=\"noopener\" title=\"Nouvelle fen\u00eatre\">Bien Public<\/a>, o\u00f9 les articles notent tous certaines similitudes avec l\u2019affaire dite des \u00ab\u00a0<a href=\"https:\/\/www.huffingtonpost.fr\/justice\/article\/proces-des-viols-de-mazan-les-dates-du-proces-en-appel-annoncees-par-la-cour-d-appel-de-nimes_245771.html\" target=\"_blank\" rel=\"noopener\" title=\"Nouvelle fen\u00eatre\">viols de Mazan<\/a>\u00a0\u00bb. Le HuffPost fait le point sur ce que l\u2019on sait de ce fait divers.<\/p>\n<p>       \u2022 Un participant \u00e0 la soir\u00e9e a donn\u00e9 l\u2019alerte    <\/p>\n<p class=\"asset asset-text\">L\u2019affaire a commenc\u00e9 par le t\u00e9moignage d\u2019un homme, vers 2h50\u00a0dans la nuit de jeudi \u00e0 vendredi, disant sortir \u00ab\u00a0d\u2019un rendez-vous libertin \u00e0 Dijon, au cours duquel une femme lui avait pratiqu\u00e9 une fellation\u00a0\u00bb, selon un communiqu\u00e9 du parquet. \u00ab\u00a0Il \u00e9mettait des doutes quant \u00e0 son consentement et son discernement\u00a0\u00bb, pr\u00e9cise le procureur de la R\u00e9publique adjoint Pascal Labonne-Collin.<\/p>\n<p class=\"asset asset-text\">L\u2019homme qui a donn\u00e9 l\u2019alerte aurait quitt\u00e9 les lieux apr\u00e8s s\u2019\u00eatre rendu compte \u00ab\u00a0que la victime se trouvait dans un \u00e9tat anormal\u00a0\u00bb et a appel\u00e9 les forces de l\u2019ordre, selon France 3. D\u2019apr\u00e8s le procureur de la r\u00e9publique adjoint interrog\u00e9 par <a href=\"https:\/\/www.francebleu.fr\/infos\/faits-divers-justice\/femme-droguee-par-son-mari-et-soumise-a-des-viols-a-dijon-des-analyses-complementaires-en-cours-1840821\" target=\"_blank\" rel=\"noopener\" title=\"Nouvelle fen\u00eatre\">Ici Bourgogne<\/a>, il n\u2019est pas impossible que l\u2019affaire de Mazan ait r\u00e9sonn\u00e9 dans son esprit, le poussant \u00e0 contacter les autorit\u00e9s.<\/p>\n<p>                     \u2022 L\u2019\u00e9pouse a port\u00e9 plainte contre son mari    <\/p>\n<p class=\"asset asset-text\">La police s\u2019est rapidement rendue sur les lieux et a plac\u00e9 en garde \u00e0 vue le mari de 62\u00a0ans qui avait organis\u00e9 la soir\u00e9e, relate <a href=\"https:\/\/www.leparisien.fr\/faits-divers\/un-sexagenaire-accuse-davoir-fait-violer-sa-femme-par-dautres-hommes-a-dijon-ce-que-lon-sait-de-cette-affaire-sordide-04-08-2025-6XDBHCR2NNGNXM6RUAXHFERQYE.php?at_variant=photo&amp;at_creation=Le%20Parisien&amp;at_campaign=Partage%20Twitter%20CM&amp;at_medium=Social%20media\" target=\"_blank\" rel=\"noopener\" title=\"Nouvelle fen\u00eatre\">Le Parisien<\/a>. Interrog\u00e9, le suspect a confirm\u00e9 le rendez-vous libertin, tandis que son \u00e9pouse, \u00e2g\u00e9e de 44\u00a0ans et qui a d\u00e9pos\u00e9 plainte contre lui, indiquait \u00ab\u00a0avoir consomm\u00e9 de l\u2019alcool, et ne plus avoir de souvenir de cette nuit\u00a0\u00bb.<\/p>\n<p class=\"asset asset-text\">La victime a d\u00e9clar\u00e9 aux enqu\u00eateurs avoir \u00e9t\u00e9 contrainte par son \u00e9poux \u00e0 pratique des fellations \u00ab\u00a0de mani\u00e8re r\u00e9p\u00e9t\u00e9e\u00a0\u00bb, rapporte France 3. Le sexag\u00e9naire a affirm\u00e9 que ces relations libertines \u00e9taient librement consenties par son \u00e9pouse, selon le parquet.<\/p>\n<p class=\"asset asset-text\">D\u2019apr\u00e8s Ici Bourgogne, des analyses de sang compl\u00e9mentaires sont en cours pour v\u00e9rifier si d\u2019autres substances que l\u2019alcool ont pu \u00eatre administr\u00e9es \u00e0 la victime. Les r\u00e9sultats de ces analyses peuvent prendre jusqu\u2019\u00e0 un mois, a pr\u00e9cis\u00e9 le procureur de la R\u00e9publique adjoint.<\/p>\n<p>                     \u2022 Une information judiciaire ouverte pour \u00ab\u00a0viols\u00a0\u00bb    <\/p>\n<p class=\"asset asset-text\">L\u2019homme de 62\u00a0ans a \u00e9t\u00e9 mis en examen samedi soir et plac\u00e9 en d\u00e9tention provisoire. Le parquet a ouvert contre lui une information judiciaire pour \u00ab\u00a0viols\u00a0[\u2026] commis par plusieurs personnes, en qualit\u00e9 d\u2019auteur ou de complices, et par le conjoint de la victime\u00a0\u00bb.<\/p>\n<p class=\"asset asset-text\">Le communiqu\u00e9 du parquet indique que la circonstance aggravante \u00ab\u00a0d\u2019administration \u00e0 la victime, \u00e0 son insu, de substance afin d\u2019alt\u00e9rer son discernement\u00a0\u00bb est aussi retenue \u00e0 ce stade. L\u2019ensemble des faits est passible de 20\u00a0ann\u00e9es de r\u00e9clusion criminelle, ont pr\u00e9cis\u00e9 les autorit\u00e9s judiciaires.<\/p>\n","protected":false},"excerpt":{"rendered":"LOU BENOIST \/ AFP Une voiture de police suivait \u00e0 distance ce v\u00e9hicule visiblement rempli d\u2019adolescents qui n\u2019avaient&hellip;\n","protected":false},"author":2,"featured_media":185442,"comment_status":"","ping_status":"","sticky":false,"template":"","format":"standard","meta":{"footnotes":""},"categories":[4],"tags":[11,2930,118,1011,27,303,12,25,1265,799],"class_list":{"0":"post-296123","1":"post","2":"type-post","3":"status-publish","4":"format-standard","5":"has-post-thumbnail","7":"category-france","8":"tag-actualites","9":"tag-dijon","10":"tag-faits-divers","11":"tag-fr","12":"tag-france","13":"tag-justice","14":"tag-news","15":"tag-republique-francaise","16":"tag-viol","17":"tag-violences-sexuelles"},"share_on_mastodon":{"url":"https:\/\/pubeurope.com\/@fr\/114971451554759281","error":""},"_links":{"self":[{"href":"https:\/\/www.europesays.com\/fr\/wp-json\/wp\/v2\/posts\/296123","targetHints":{"allow":["GET"]}}],"collection":[{"href":"https:\/\/www.europesays.com\/fr\/wp-json\/wp\/v2\/posts"}],"about":[{"href":"https:\/\/www.europesays.com\/fr\/wp-json\/wp\/v2\/types\/post"}],"author":[{"embeddable":true,"href":"https:\/\/www.europesays.com\/fr\/wp-json\/wp\/v2\/users\/2"}],"replies":[{"embeddable":true,"href":"https:\/\/www.europesays.com\/fr\/wp-json\/wp\/v2\/comments?post=296123"}],"version-history":[{"count":0,"href":"https:\/\/www.europesays.com\/fr\/wp-json\/wp\/v2\/posts\/296123\/revisions"}],"wp:featuredmedia":[{"embeddable":true,"href":"https:\/\/www.europesays.com\/fr\/wp-json\/wp\/v2\/media\/185442"}],"wp:attachment":[{"href":"https:\/\/www.europesays.com\/fr\/wp-json\/wp\/v2\/media?parent=296123"}],"wp:term":[{"taxonomy":"category","embeddable":true,"href":"https:\/\/www.europesays.com\/fr\/wp-json\/wp\/v2\/categories?post=296123"},{"taxonomy":"post_tag","embeddable":true,"href":"https:\/\/www.europesays.com\/fr\/wp-json\/wp\/v2\/tags?post=296123"}],"curies":[{"name":"wp","href":"https:\/\/api.w.org\/{rel}","templated":true}]}}