{"id":296126,"date":"2025-08-04T16:32:10","date_gmt":"2025-08-04T16:32:10","guid":{"rendered":"https:\/\/www.europesays.com\/fr\/296126\/"},"modified":"2025-08-04T16:32:10","modified_gmt":"2025-08-04T16:32:10","slug":"le-chambon-feugerolles-un-chantier-denvergure-pour-resorber-le-risque-dinondations-a-bargette-republique","status":"publish","type":"post","link":"https:\/\/www.europesays.com\/fr\/296126\/","title":{"rendered":"Le Chambon-Feugerolles. Un chantier d\u2019envergure pour r\u00e9sorber le risque d\u2019inondations \u00e0 Bargette-R\u00e9publique"},"content":{"rendered":"<p>Pour \u00ab\u00a0ne pas revivre les exp\u00e9riences douloureuses du pass\u00e9 comme en 2018\u00a0\u00bb, un vaste projet a \u00e9t\u00e9 lanc\u00e9, visant \u00e0 supprimer, ou tout du moins \u00e0 limiter, le risque d\u2019inondations dans la zone industrielle Bargette\/R\u00e9publique.<\/p>\n<p>L\u2019Ondaine fait en effet partie des cours d\u2019eau \u00e0 caract\u00e8re torrentiel qui peuvent provoquer des crues rapides et engendrer des d\u00e9g\u00e2ts humains et mat\u00e9riels.<\/p>\n<p>L\u2019ancienne voie ferr\u00e9e et le viaduc ont \u00e9t\u00e9 d\u00e9construits en 2024<\/p>\n<p>Conduit dans le cadre d\u2019actions de pr\u00e9vention des inondations de l\u2019Ondaine (men\u00e9es en partenariat entre Saint-\u00c9tienne M\u00e9tropole et l\u2019\u00c9tat), le chantier poursuit plusieurs objectifs\u00a0: r\u00e9sorber le risque d\u2019inondations qui ont, par le pass\u00e9, impact\u00e9 les b\u00e2timents de la zone industrielle\u00a0;&#8230;<\/p>\n","protected":false},"excerpt":{"rendered":"Pour \u00ab\u00a0ne pas revivre les exp\u00e9riences douloureuses du pass\u00e9 comme en 2018\u00a0\u00bb, un vaste projet a \u00e9t\u00e9 lanc\u00e9,&hellip;\n","protected":false},"author":2,"featured_media":296127,"comment_status":"","ping_status":"","sticky":false,"template":"","format":"standard","meta":{"footnotes":""},"categories":[9653],"tags":[1111,11,2430,4749,12162,33,7539,436,1777,674,1011,27,12161,12,25,4001],"class_list":{"0":"post-296126","1":"post","2":"type-post","3":"status-publish","4":"format-standard","5":"has-post-thumbnail","7":"category-saint-etienne","8":"tag-actu","9":"tag-actualites","10":"tag-auvergne-rhone-alpes","11":"tag-btp-et-chantiers","12":"tag-chambon-feugerolles-ville","13":"tag-economie","14":"tag-edition-loire-sud","15":"tag-environnement","16":"tag-eu","17":"tag-europe","18":"tag-fr","19":"tag-france","20":"tag-le-chambon-feugerolles","21":"tag-news","22":"tag-republique-francaise","23":"tag-saint-etienne"},"share_on_mastodon":{"url":"https:\/\/pubeurope.com\/@fr\/114971459209249144","error":""},"_links":{"self":[{"href":"https:\/\/www.europesays.com\/fr\/wp-json\/wp\/v2\/posts\/296126","targetHints":{"allow":["GET"]}}],"collection":[{"href":"https:\/\/www.europesays.com\/fr\/wp-json\/wp\/v2\/posts"}],"about":[{"href":"https:\/\/www.europesays.com\/fr\/wp-json\/wp\/v2\/types\/post"}],"author":[{"embeddable":true,"href":"https:\/\/www.europesays.com\/fr\/wp-json\/wp\/v2\/users\/2"}],"replies":[{"embeddable":true,"href":"https:\/\/www.europesays.com\/fr\/wp-json\/wp\/v2\/comments?post=296126"}],"version-history":[{"count":0,"href":"https:\/\/www.europesays.com\/fr\/wp-json\/wp\/v2\/posts\/296126\/revisions"}],"wp:featuredmedia":[{"embeddable":true,"href":"https:\/\/www.europesays.com\/fr\/wp-json\/wp\/v2\/media\/296127"}],"wp:attachment":[{"href":"https:\/\/www.europesays.com\/fr\/wp-json\/wp\/v2\/media?parent=296126"}],"wp:term":[{"taxonomy":"category","embeddable":true,"href":"https:\/\/www.europesays.com\/fr\/wp-json\/wp\/v2\/categories?post=296126"},{"taxonomy":"post_tag","embeddable":true,"href":"https:\/\/www.europesays.com\/fr\/wp-json\/wp\/v2\/tags?post=296126"}],"curies":[{"name":"wp","href":"https:\/\/api.w.org\/{rel}","templated":true}]}}